{"id":784,"date":"2014-01-24T01:00:06","date_gmt":"2014-01-24T03:00:06","guid":{"rendered":"http:\/\/www.encontraipatinga.com.br\/noticias\/?p=784"},"modified":"2014-01-24T08:44:05","modified_gmt":"2014-01-24T10:44:05","slug":"capacitar-abre-125-vagas-para-cursos-de-idiomas-em-ipatinga","status":"publish","type":"post","link":"https:\/\/www.encontraipatinga.com.br\/noticias\/capacitar-abre-125-vagas-para-cursos-de-idiomas-em-ipatinga\/","title":{"rendered":"Capacitar abre 125 vagas para cursos de idiomas em Ipatinga"},"content":{"rendered":"<p>Com oferta de 125 vagas, a Central de Qualifica\u00e7\u00e3o e Empreendedorismo (Capacitar) de Ipatinga abriu inscri\u00e7\u00f5es para os cursos de Ingl\u00eas B\u00e1sico, Ingl\u00eas Intermedi\u00e1rio, Espanhol B\u00e1sico e Espanhol Intermedi\u00e1rio. As aulas ser\u00e3o realizadas em parceria com o Col\u00e9gio T\u00e9cnico da Universidade Federal Minas de Gerais (Coltec\/UFMG), por meio do Programa Nacional de acesso ao Ensino T\u00e9cnico e Emprego (Pronatec), em parceria com a <a title=\"Prefeitura de Ipatinga\" href=\"http:\/\/www.encontraipatinga.com.br\/ipatinga\/prefeitura-municipal-de-ipatinga.shtml\" target=\"_blank\">Prefeitura de Ipatinga<\/a>.<\/p>\n<p>As inscri\u00e7\u00f5es podem ser feita das 8 \u00e0s 17 horas, na sede da Central Capacitar, que fica na avenida Jo\u00e3o Valentim Pascoal, esquina com a rua Mariana, Centro de Ipatinga. O interessado teve ser maior de 18 anos e apresentar c\u00f3pias do CPF e Identidade, dos comprovantes de escolaridade e de endere\u00e7o e duas fotos 3 X 4.<\/p>\n<p>Para os cursos de n\u00edvel intermedi\u00e1rio ser\u00e1 necess\u00e1ria a comprova\u00e7\u00e3o (original) da certifica\u00e7\u00e3o do n\u00edvel b\u00e1sico (curso do idioma pleiteado pelo aluno) ou realiza\u00e7\u00e3o de teste emitido pelo Coltec\/UFMG.<\/p>\n<p>As aulas come\u00e7am no dia 3 de fevereiro, e ser\u00e3o 25 alunos por turma. Os cursos t\u00eam carga hor\u00e1ria de 160 horas\/aula. O material did\u00e1tico \u00e9 gratuito e os estudantes recebem aux\u00edlio (alimenta\u00e7\u00e3o e transporte). Ao final do curso, ser\u00e1 entregue um certificado pela institui\u00e7\u00e3o formadora reconhecido pelo Minist\u00e9rio da Educa\u00e7\u00e3o (MEC). A realiza\u00e7\u00e3o dos cursos est\u00e1 sujeita ao fechamento das turmas.<\/p>\n<p><strong>Servi\u00e7o<\/strong><\/p>\n<p><strong>INGL\u00caS B\u00c1SICO<\/strong><\/p>\n<p>&#8211; 1\u00aa Turma (segunda e quarta) -13h \u00e0s 17h<\/p>\n<p>&#8211; 2\u00aa Turma (segunda e quarta) &#8211; 18:30h \u00e0s 22h<\/p>\n<p><strong>INGL\u00caS INTERMEDI\u00c1RIO<\/strong><\/p>\n<p>&#8211; 3\u00aa Turma (ter\u00e7a e quinta) &#8211; 18:30h \u00e0s 22h<\/p>\n<p><strong>ESPANHOL B\u00c1SICO<\/strong><\/p>\n<p>&#8211; 4\u00aa Turma (ter\u00e7a e quinta) &#8211; 18:30h \u00e0s 22h<\/p>\n<p><strong>ESPANHOL INTERMEDI\u00c1RIO<\/strong><\/p>\n<p>&#8211; 5\u00aa Turma (segunda-feira) &#8211; 08h \u00e0s 12h<\/p>\n","protected":false},"excerpt":{"rendered":"<p>Com oferta de 125 vagas, a Central de Qualifica\u00e7\u00e3o e Empreendedorismo (Capacitar) de Ipatinga abriu inscri\u00e7\u00f5es para os cursos de Ingl\u00eas B\u00e1sico, Ingl\u00eas Intermedi\u00e1rio, Espanhol B\u00e1sico e Espanhol Intermedi\u00e1rio. As aulas ser\u00e3o realizadas em parceria com o Col\u00e9gio T\u00e9cnico da Universidade Federal Minas de Gerais (Coltec\/UFMG), por meio do Programa Nacional de acesso ao Ensino [&hellip;]<\/p>\n","protected":false},"author":1,"featured_media":0,"comment_status":"open","ping_status":"open","sticky":false,"template":"","format":"standard","meta":{"footnotes":""},"categories":[6],"tags":[],"class_list":["post-784","post","type-post","status-publish","format-standard","hentry","category-noticias"],"_links":{"self":[{"href":"https:\/\/www.encontraipatinga.com.br\/noticias\/wp-json\/wp\/v2\/posts\/784","targetHints":{"allow":["GET"]}}],"collection":[{"href":"https:\/\/www.encontraipatinga.com.br\/noticias\/wp-json\/wp\/v2\/posts"}],"about":[{"href":"https:\/\/www.encontraipatinga.com.br\/noticias\/wp-json\/wp\/v2\/types\/post"}],"author":[{"embeddable":true,"href":"https:\/\/www.encontraipatinga.com.br\/noticias\/wp-json\/wp\/v2\/users\/1"}],"replies":[{"embeddable":true,"href":"https:\/\/www.encontraipatinga.com.br\/noticias\/wp-json\/wp\/v2\/comments?post=784"}],"version-history":[{"count":5,"href":"https:\/\/www.encontraipatinga.com.br\/noticias\/wp-json\/wp\/v2\/posts\/784\/revisions"}],"predecessor-version":[{"id":792,"href":"https:\/\/www.encontraipatinga.com.br\/noticias\/wp-json\/wp\/v2\/posts\/784\/revisions\/792"}],"wp:attachment":[{"href":"https:\/\/www.encontraipatinga.com.br\/noticias\/wp-json\/wp\/v2\/media?parent=784"}],"wp:term":[{"taxonomy":"category","embeddable":true,"href":"https:\/\/www.encontraipatinga.com.br\/noticias\/wp-json\/wp\/v2\/categories?post=784"},{"taxonomy":"post_tag","embeddable":true,"href":"https:\/\/www.encontraipatinga.com.br\/noticias\/wp-json\/wp\/v2\/tags?post=784"}],"curies":[{"name":"wp","href":"https:\/\/api.w.org\/{rel}","templated":true}]}}