{"id":776,"date":"2013-12-09T09:34:05","date_gmt":"2013-12-09T11:34:05","guid":{"rendered":"http:\/\/www.encontraipatinga.com.br\/noticias\/?p=776"},"modified":"2013-12-09T09:34:05","modified_gmt":"2013-12-09T11:34:05","slug":"oficinas-de-artesanato-sao-realizadas-em-ipatinga-ate-o-fim-do-ano","status":"publish","type":"post","link":"https:\/\/www.encontraipatinga.com.br\/noticias\/oficinas-de-artesanato-sao-realizadas-em-ipatinga-ate-o-fim-do-ano\/","title":{"rendered":"Oficinas de artesanato s\u00e3o realizadas em Ipatinga at\u00e9 o fim do ano"},"content":{"rendered":"<div id=\"materia-letra\">\n<div>\n<div>\n<p>Aprender a reaproveitar roupas e personalizar pe\u00e7as que n\u00e3o s\u00e3o mais utilizadas \u00e9 uma tarefa que requer t\u00e9cnica e criatividade. Pensando nisso, a prefeitura de Ipatinga e a Associa\u00e7\u00e3o dos Expositores da Feirarte, Artistas e Artes\u00e3os do Vale do A\u00e7o (Aefava) oferecem diversas oficinas durante todo o m\u00eas de dezembro.<\/p>\n<p>Al\u00e9m da oficina e das barracas de comidas t\u00edpicas, o p\u00fablico tamb\u00e9m poder\u00e1 conferir o show musical com L\u2019\u00c2ge D\u2019Or , banda cover do Legi\u00e3o Urbana formada por Charles D\u2019or (vocal), Adriano Cardoso (guitarra), Sidy (baixo) e Hidler An\u00edcio (bateria).<\/p>\n<p>Nos pr\u00f3ximos domingos do m\u00eas, a Feirarte tamb\u00e9m receber\u00e1 oficinas em diferentes modalidades de artesanato.<\/p>\n<p>Para participar, os interessados devem se inscrever na pr\u00f3pria feira ou na Secretaria de Cultura, Esporte e Lazer de Ipatinga.<\/p>\n<p><strong>Servi\u00e7o:<\/strong><br \/>\n<strong>O que:<\/strong> Inscri\u00e7\u00f5es abertas<br \/>\n<strong>Local: <\/strong>Feirarte<strong><br \/>\nEndere\u00e7o: <\/strong>Avenida Edgar Boy Rossi &#8211; Centro<br \/>\n<strong>Informa\u00e7\u00f5es:<\/strong> 3829-8059<\/p>\n<\/div>\n<\/div>\n<\/div>\n","protected":false},"excerpt":{"rendered":"<p>Aprender a reaproveitar roupas e personalizar pe\u00e7as que n\u00e3o s\u00e3o mais utilizadas \u00e9 uma tarefa que requer t\u00e9cnica e criatividade. Pensando nisso, a prefeitura de Ipatinga e a Associa\u00e7\u00e3o dos Expositores da Feirarte, Artistas e Artes\u00e3os do Vale do A\u00e7o (Aefava) oferecem diversas oficinas durante todo o m\u00eas de dezembro. Al\u00e9m da oficina e das [&hellip;]<\/p>\n","protected":false},"author":1,"featured_media":0,"comment_status":"open","ping_status":"open","sticky":false,"template":"","format":"standard","meta":{"footnotes":""},"categories":[6],"tags":[],"class_list":["post-776","post","type-post","status-publish","format-standard","hentry","category-noticias"],"_links":{"self":[{"href":"https:\/\/www.encontraipatinga.com.br\/noticias\/wp-json\/wp\/v2\/posts\/776","targetHints":{"allow":["GET"]}}],"collection":[{"href":"https:\/\/www.encontraipatinga.com.br\/noticias\/wp-json\/wp\/v2\/posts"}],"about":[{"href":"https:\/\/www.encontraipatinga.com.br\/noticias\/wp-json\/wp\/v2\/types\/post"}],"author":[{"embeddable":true,"href":"https:\/\/www.encontraipatinga.com.br\/noticias\/wp-json\/wp\/v2\/users\/1"}],"replies":[{"embeddable":true,"href":"https:\/\/www.encontraipatinga.com.br\/noticias\/wp-json\/wp\/v2\/comments?post=776"}],"version-history":[{"count":1,"href":"https:\/\/www.encontraipatinga.com.br\/noticias\/wp-json\/wp\/v2\/posts\/776\/revisions"}],"predecessor-version":[{"id":777,"href":"https:\/\/www.encontraipatinga.com.br\/noticias\/wp-json\/wp\/v2\/posts\/776\/revisions\/777"}],"wp:attachment":[{"href":"https:\/\/www.encontraipatinga.com.br\/noticias\/wp-json\/wp\/v2\/media?parent=776"}],"wp:term":[{"taxonomy":"category","embeddable":true,"href":"https:\/\/www.encontraipatinga.com.br\/noticias\/wp-json\/wp\/v2\/categories?post=776"},{"taxonomy":"post_tag","embeddable":true,"href":"https:\/\/www.encontraipatinga.com.br\/noticias\/wp-json\/wp\/v2\/tags?post=776"}],"curies":[{"name":"wp","href":"https:\/\/api.w.org\/{rel}","templated":true}]}}