{"id":763,"date":"2013-11-05T09:32:56","date_gmt":"2013-11-05T11:32:56","guid":{"rendered":"http:\/\/www.encontraipatinga.com.br\/noticias\/?p=763"},"modified":"2013-11-05T09:32:56","modified_gmt":"2013-11-05T11:32:56","slug":"confira-a-programacao-cultural-de-ipatinga","status":"publish","type":"post","link":"https:\/\/www.encontraipatinga.com.br\/noticias\/confira-a-programacao-cultural-de-ipatinga\/","title":{"rendered":"Confira a programa\u00e7\u00e3o cultural de Ipatinga"},"content":{"rendered":"<p>Ipatinga ser\u00e1 sede de uma s\u00e9rie de atividades culturais at\u00e9 o final deste ano. Com o financiamento de 21 projetos aprovados pela Lei Municipal de Incentivo \u00e0 Cultura, no exerc\u00edcio de 2013, a popula\u00e7\u00e3o ter\u00e1 acesso a 152 a\u00e7\u00f5es culturais, que v\u00e3o circular por 30 bairros do munic\u00edpio.<\/p>\n<p>M\u00fasica, teatro, dan\u00e7a, oficinas, cinema e muitas outras atra\u00e7\u00f5es prometem animar a cidade.<\/p>\n<p>Fique atento e acompanhe a programa\u00e7\u00e3o pelo portal eletr\u00f4nico da <a title=\"Prefeitura de Ipatinga\" href=\"http:\/\/www.encontraipatinga.com.br\/ipatinga\/prefeitura-municipal-de-ipatinga.shtml\" target=\"_blank\">Prefeitura de Ipatinga<\/a>. Todas as atividades culturais s\u00e3o gratuitas. Mais informa\u00e7\u00f5es na Secretaria de Cultura, Esporte e Lazer, no (31) 3829-8059.<\/p>\n<p><strong>Confira a programa\u00e7\u00e3o:<\/strong><\/p>\n<p><strong>\u201cForma\u00e7\u00e3o de t\u00e9cnicos em espet\u00e1culos\u201d &#8211; Cursos<\/strong><\/p>\n<p><strong>Curso de Trilha Sonora<\/strong><br \/>\n6 de novembro | quarta-feira | 18h \u00e0s 22h<br \/>\nInstituto de A\u00e7\u00e3o Comunit\u00e1ria \u2013 Vila Celeste<\/p>\n<p><strong>Curso de \u00e1udio profissional \u00a0<\/strong><br \/>\n6 de novembro | quarta-feira | 18h \u00e0s 22h<br \/>\nSede do Seminaluz \u2013 Ideal<\/p>\n<p><strong>Curso de ilumina\u00e7\u00e3o c\u00eanica<\/strong><br \/>\n6 de novembro | quarta-feira | 18h \u00e0s 22h<br \/>\nCasa de Teatro Perna de Palco \u2013 Horto<br \/>\nInforma\u00e7\u00f5es: Morrison (31) 8755-0596<\/p>\n<p><strong>\u201cCem anos de Vin\u00edcius\u201d &#8211; Show musical com \u201cBricoleur\u201d<\/strong><br \/>\n6 de novembro | quarta-feira | \u00e0s 20h<br \/>\nBar do Gordo \u2013 Igua\u00e7u<br \/>\nInforma\u00e7\u00f5es: Shirley Maclane \u2013 (31) 8515-1174<\/p>\n<p><strong>&#8220;Tri\u00e2ngulo de A\u00e7o&#8221; &#8211; Show musical<\/strong><br \/>\n6 de novembro | quarta-feira | \u00e0s 20h30<br \/>\nGranjas Vagalume<br \/>\nInforma\u00e7\u00f5es: Adenaure Divino dos Santos \u2013 (31)8604-6063<\/p>\n<div><strong>\u201cCinema de todo mundo\u201d &#8211; Exibi\u00e7\u00e3o de curtas de anima\u00e7\u00e3o<\/strong><br \/>\n7 de novembro | quinta-feira | das 7h30 \u00e0s 17h<br \/>\nE.M Nelcina Rosa de Jesus &#8211; Veneza<br \/>\nInforma\u00e7\u00f5es: Alexandre Fernandes Luna &#8211; (31) 9406-2150<\/div>\n<div>\n<strong>\u201c2\u00b0Cine Pra\u00e7a\u201d &#8211; Exibi\u00e7\u00e3o de curtas-metragens nacionais<\/strong><br \/>\n7 de novembro | quinta | \u00e0s 20h<br \/>\nGramado em frente \u00e0 Unidade de Sa\u00fade &#8211; Vila Militar<br \/>\nInforma\u00e7\u00f5es: Ederson Caldas &#8211; (31) 9682-7374<\/p>\n<p><strong>\u201cCem anos de Vin\u00edcius\u201d &#8211; Show musical com \u201cBricoleur\u201d<\/strong><br \/>\n7 de novembro | quinta-feira | \u00e0s 20h<br \/>\nCentro Comercial &#8211; Cariru<br \/>\nInforma\u00e7\u00f5es: Shirley Maclane &#8211; (31) 8515-1174<\/div>\n<div>\n<strong>\u201cBonecando\u201d &#8211; Oficina de bonecos<\/strong><br \/>\n7 de novembro | quinta-feira | 9h \u00e0s 11h<br \/>\nE.M Maria Rodrigues Barnab\u00e9 \u2013 Igua\u00e7u<\/p>\n<p><strong>Exposi\u00e7\u00e3o dos trabalhos das oficinas<\/strong><br \/>\n7 de novembro | quinta-feira | 15h \u00e0s 17h<br \/>\nE.M Altina Oliveira Gon\u00e7alves \u2013 Igua\u00e7u<br \/>\nInforma\u00e7\u00f5es: Leonardo Coessens \u2013 (31) 9306-1171<\/div>\n<div><\/div>\n<div>\u00a0<strong>&#8220;Autor retrato &#8211; Um encontro de fot\u00f3grafos autorais&#8221; &#8211; Palestra com Evandro Teixeira<\/strong><\/p>\n<p>7 de novembro | quinta-feira | 20h<br \/>\nStudio Integral &#8211; Cariru<br \/>\nInforma\u00e7\u00f5es: Nilmar Lage &#8211; (31) 8662-3727<\/p>\n<p><strong>&#8220;Cultura Urbana arte em foco&#8221; &#8211; Oficina de dan\u00e7a urbana<\/strong><\/p>\n<p><strong>Inscri\u00e7\u00f5es:<\/strong> 7 de novembro | quinta-feira | das 17h30 \u00e0s 20h30<br \/>\nE.M Terezinha N\u00edvia de Oliveira Lopes &#8211; Nova Esperan\u00e7a<br \/>\nInforma\u00e7\u00f5es: Wesley Luiz Costa Ribeiro &#8211; (31) 8539-1417<\/div>\n<div>\n<strong>&#8220;Passagem&#8221; &#8211; Exibi\u00e7\u00e3o de curta-metragem<\/strong><br \/>\n8 de novembro | sexta-feira | 20h<br \/>\nAudit\u00f3rio da Fiemg &#8211; Av: Pedro Linhares Gomes, 5431<br \/>\nInforma\u00e7\u00f5es: Jo\u00e3o Andr\u00e9 Grossi &#8211; (31) 8899-2303<\/div>\n<div>\n<strong>\u201cCinema de todo mundo\u201d &#8211; Exibi\u00e7\u00e3o de curtas de anima\u00e7\u00e3o<\/strong><br \/>\n8 de novembro | sexta-feira | 7h30 \u00e0s 17h<br \/>\nE.M Vilma de Faria Silva \u2013 Vila Militar<br \/>\nInforma\u00e7\u00f5es: Alexandre Fernandes Luna &#8211; (31) 9406-2150<\/div>\n<div>\n<strong>&#8220;Forma\u00e7\u00e3o em cultura e arte japonesa&#8221; &#8211; Oficinas<\/strong><br \/>\n8 de novembro | sexta-feira<br \/>\nGrupo de Mulheres Criarte &#8211; Ideal<\/p>\n<p><strong>Oficina de Origami e Ikebana<\/strong><br \/>\n8h \u00e0s12h<\/p>\n<p><strong>Oficina de culin\u00e1ria japonesa<\/strong><br \/>\n17 \u00e0s 22h<br \/>\nInforma\u00e7\u00f5es: Informa\u00e7\u00f5es: Shirley Maclane &#8211; (31) 8515-1174<\/div>\n<div>\n<strong>&#8220;Cultura Urbana arte em foco&#8221; &#8211; Oficina de dan\u00e7a urbana<\/strong><\/p>\n<p>Inscri\u00e7\u00f5es: 8 de novembro | sexta-feira | das 17h30 \u00e0s 20h30<br \/>\nUni\u00e3o dos Moradores da Comunidade do Vista Alegre (UMCVA) &#8211; Vista Alegre<br \/>\nInforma\u00e7\u00f5es: Wesley Luiz Costa Ribeiro &#8211; (31) 8539-1417<\/p><\/div>\n<div>\n<strong>&#8220;Orquestra de viola caipira de Ipatinga&#8221; &#8211; Show musical<\/strong><\/p>\n<p>9 de\u00a0 novembro | s\u00e1bado | 20h<br \/>\nPra\u00e7a do Barra Alegre<br \/>\nInforma\u00e7\u00f5es: J\u00fanio Endrik Moraes (31) 9950-3783<\/p><\/div>\n<div>\n<strong>&#8220;Orquestra de viola caipira de Ipatinga&#8221; -Show musical<\/strong><br \/>\n9 de\u00a0 novembro | s\u00e1bado | 20h<br \/>\nPra\u00e7a do Barra Alegre<br \/>\nInforma\u00e7\u00f5es: J\u00fanio Endrik Moraes (31) 9950-3783<\/div>\n<p><strong>&#8220;Minas em canto&#8221; &#8211; Show musical<\/strong><br \/>\n9 de novembro | s\u00e1bado | \u00e0s 20h<br \/>\nAv: Jos\u00e9 Assis Vasconcelos, n\u00b0 567 &#8211; Vila Militar<br \/>\nInforma\u00e7\u00f5es: \u00c9lcio Rodrigues (31) 9988-0983<\/p>\n","protected":false},"excerpt":{"rendered":"<p>Ipatinga ser\u00e1 sede de uma s\u00e9rie de atividades culturais at\u00e9 o final deste ano. Com o financiamento de 21 projetos aprovados pela Lei Municipal de Incentivo \u00e0 Cultura, no exerc\u00edcio de 2013, a popula\u00e7\u00e3o ter\u00e1 acesso a 152 a\u00e7\u00f5es culturais, que v\u00e3o circular por 30 bairros do munic\u00edpio. M\u00fasica, teatro, dan\u00e7a, oficinas, cinema e muitas [&hellip;]<\/p>\n","protected":false},"author":1,"featured_media":0,"comment_status":"open","ping_status":"open","sticky":false,"template":"","format":"standard","meta":{"footnotes":""},"categories":[6],"tags":[],"class_list":["post-763","post","type-post","status-publish","format-standard","hentry","category-noticias"],"_links":{"self":[{"href":"https:\/\/www.encontraipatinga.com.br\/noticias\/wp-json\/wp\/v2\/posts\/763","targetHints":{"allow":["GET"]}}],"collection":[{"href":"https:\/\/www.encontraipatinga.com.br\/noticias\/wp-json\/wp\/v2\/posts"}],"about":[{"href":"https:\/\/www.encontraipatinga.com.br\/noticias\/wp-json\/wp\/v2\/types\/post"}],"author":[{"embeddable":true,"href":"https:\/\/www.encontraipatinga.com.br\/noticias\/wp-json\/wp\/v2\/users\/1"}],"replies":[{"embeddable":true,"href":"https:\/\/www.encontraipatinga.com.br\/noticias\/wp-json\/wp\/v2\/comments?post=763"}],"version-history":[{"count":1,"href":"https:\/\/www.encontraipatinga.com.br\/noticias\/wp-json\/wp\/v2\/posts\/763\/revisions"}],"predecessor-version":[{"id":764,"href":"https:\/\/www.encontraipatinga.com.br\/noticias\/wp-json\/wp\/v2\/posts\/763\/revisions\/764"}],"wp:attachment":[{"href":"https:\/\/www.encontraipatinga.com.br\/noticias\/wp-json\/wp\/v2\/media?parent=763"}],"wp:term":[{"taxonomy":"category","embeddable":true,"href":"https:\/\/www.encontraipatinga.com.br\/noticias\/wp-json\/wp\/v2\/categories?post=763"},{"taxonomy":"post_tag","embeddable":true,"href":"https:\/\/www.encontraipatinga.com.br\/noticias\/wp-json\/wp\/v2\/tags?post=763"}],"curies":[{"name":"wp","href":"https:\/\/api.w.org\/{rel}","templated":true}]}}