{"id":581,"date":"2013-06-26T00:01:44","date_gmt":"2013-06-26T03:01:44","guid":{"rendered":"http:\/\/www.encontraipatinga.com.br\/noticias\/?p=581"},"modified":"2013-06-25T19:06:47","modified_gmt":"2013-06-25T22:06:47","slug":"conferencia-de-assistencia-social-acontece-em-julho-em-ipatinga","status":"publish","type":"post","link":"https:\/\/www.encontraipatinga.com.br\/noticias\/conferencia-de-assistencia-social-acontece-em-julho-em-ipatinga\/","title":{"rendered":"Confer\u00eancia de Assist\u00eancia Social acontece em julho em Ipatinga"},"content":{"rendered":"<div>Est\u00e1 confirmada para os dias 5 e 6 de julho (sexta-feira e s\u00e1bado da pr\u00f3xima semana), a X Confer\u00eancia Municipal de Assist\u00eancia Social em Ipatinga. Com o tema \u201cA Gest\u00e3o e o Financiamento na Efetiva\u00e7\u00e3o do Sistema \u00danico da Assist\u00eancia Social (SUAS) \u2013 SUAS 8 anos de Conquista\u201d, o evento ser\u00e1 realizado na Escola Municipal Hugo Duarte Coutinho, situado \u00e0 rua Jord\u00e3o, 145, no Cana\u00e3, e ser\u00e1 aberto a toda comunidade.<\/p>\n<div><\/div>\n<div>A palestra principal, programada para sexta-feira (05\/07), \u00e0s 19h20, ser\u00e1 ministrada pelo assistente social Jos\u00e9 Cruz, coordenador da secretaria Nacional do Minist\u00e9rio do Desenvolvimento Social e Combate \u00e0 Fome (MDS). Em sua fala, o especialista ir\u00e1 apresentar os desafios e avan\u00e7os conquistados pelo SUAS em todo o pa\u00eds. Os interessados em participar como ouvintes poder\u00e3o se inscrever no local da palestra.<\/p>\n<div><\/div>\n<div>J\u00e1 no s\u00e1bado (06\/07), a programa\u00e7\u00e3o ser\u00e1 voltada para a discuss\u00e3o dos seis eixos tem\u00e1ticos: Co-financiamento obrigat\u00f3rio da Assist\u00eancia Social; Gest\u00e3o do SUAS: Vigil\u00e2ncia socioassistencial, Processos de planejamento, Monitoramento e avalia\u00e7\u00e3o; Gest\u00e3o do Trabalho; Gest\u00e3o dos servi\u00e7os, programas e projetos; Gest\u00e3o dos Benef\u00edcios no SUAS; e Regionaliza\u00e7\u00e3o.<\/p>\n<div><\/div>\n<div>Ainda no s\u00e1bado ser\u00e3o retiradas as diretrizes para plano de trabalhos do SUAS no munic\u00edpio e escolhidos os representantes de Ipatinga para a etapa estadual. A delega\u00e7\u00e3o \u00e9 formada por oito representantes, sendo quatro do governo (um gestor, dois trabalhadores da \u00e1rea e de outras pol\u00edticas) e quatro n\u00e3o-governamental (dois usu\u00e1rios, um representante de entidade e um trabalhador da \u00e1rea). A etapa estadual acontece em outubro.<\/p>\n<div><\/div>\n<div>A X Confer\u00eancia Municipal de Assist\u00eancia Social \u00e9 uma realiza\u00e7\u00e3o da Prefeitura de Ipatinga, por meio da Secretaria de Assist\u00eancia Social, juntamente com o Conselho Municipal de Assist\u00eancia Social de Ipatinga.<\/p>\n<div><\/div>\n<div>Representatividade popular<\/p>\n<div><\/div>\n<div>Um diferencial em Ipatinga \u00e9 que os candidatos a delegados municipais ser\u00e3o escolhidos dentre os representantes eleitos durante as pr\u00e9-confer\u00eancias realizadas entre os dias 11 e 20 deste m\u00eas, nos cinco territ\u00f3rios formados por bairros de regionais integradas. Cada territ\u00f3rio teve o direito de indicar oito representantes de prestadores de servi\u00e7os e entidades, oito usu\u00e1rios e oito trabalhadores da \u00e1rea.<\/p>\n<div><\/div>\n<div>Nos territ\u00f3rios que n\u00e3o indicaram o n\u00famero suficiente de trabalhadores da \u00e1rea, a Secretaria de Assist\u00eancia Social e o Conselho Municipal de Assist\u00eancia Social far\u00e3o processo de escolha nesta quinta-feira (27\/06).<\/p>\n<div><\/div>\n<div><em>Fonte: Prefeitura Municipal de Ipatinga<\/em><\/div>\n","protected":false},"excerpt":{"rendered":"<p>Est\u00e1 confirmada para os dias 5 e 6 de julho (sexta-feira e s\u00e1bado da pr\u00f3xima semana), a X Confer\u00eancia Municipal de Assist\u00eancia Social em Ipatinga. Com o tema \u201cA Gest\u00e3o e o Financiamento na Efetiva\u00e7\u00e3o do Sistema \u00danico da Assist\u00eancia Social (SUAS) \u2013 SUAS 8 anos de Conquista\u201d, o evento ser\u00e1 realizado na Escola Municipal [&hellip;]<\/p>\n","protected":false},"author":1,"featured_media":0,"comment_status":"open","ping_status":"open","sticky":false,"template":"","format":"standard","meta":{"footnotes":""},"categories":[5,6,8],"tags":[15],"class_list":["post-581","post","type-post","status-publish","format-standard","hentry","category-eventos","category-noticias","category-servicos","tag-ipatinga"],"_links":{"self":[{"href":"https:\/\/www.encontraipatinga.com.br\/noticias\/wp-json\/wp\/v2\/posts\/581","targetHints":{"allow":["GET"]}}],"collection":[{"href":"https:\/\/www.encontraipatinga.com.br\/noticias\/wp-json\/wp\/v2\/posts"}],"about":[{"href":"https:\/\/www.encontraipatinga.com.br\/noticias\/wp-json\/wp\/v2\/types\/post"}],"author":[{"embeddable":true,"href":"https:\/\/www.encontraipatinga.com.br\/noticias\/wp-json\/wp\/v2\/users\/1"}],"replies":[{"embeddable":true,"href":"https:\/\/www.encontraipatinga.com.br\/noticias\/wp-json\/wp\/v2\/comments?post=581"}],"version-history":[{"count":3,"href":"https:\/\/www.encontraipatinga.com.br\/noticias\/wp-json\/wp\/v2\/posts\/581\/revisions"}],"predecessor-version":[{"id":583,"href":"https:\/\/www.encontraipatinga.com.br\/noticias\/wp-json\/wp\/v2\/posts\/581\/revisions\/583"}],"wp:attachment":[{"href":"https:\/\/www.encontraipatinga.com.br\/noticias\/wp-json\/wp\/v2\/media?parent=581"}],"wp:term":[{"taxonomy":"category","embeddable":true,"href":"https:\/\/www.encontraipatinga.com.br\/noticias\/wp-json\/wp\/v2\/categories?post=581"},{"taxonomy":"post_tag","embeddable":true,"href":"https:\/\/www.encontraipatinga.com.br\/noticias\/wp-json\/wp\/v2\/tags?post=581"}],"curies":[{"name":"wp","href":"https:\/\/api.w.org\/{rel}","templated":true}]}}