{"id":576,"date":"2013-06-24T00:01:37","date_gmt":"2013-06-24T03:01:37","guid":{"rendered":"http:\/\/www.encontraipatinga.com.br\/noticias\/?p=576"},"modified":"2013-06-23T20:11:36","modified_gmt":"2013-06-23T23:11:36","slug":"parque-das-aguas-em-ipatinga-tera-creche-municipal","status":"publish","type":"post","link":"https:\/\/www.encontraipatinga.com.br\/noticias\/parque-das-aguas-em-ipatinga-tera-creche-municipal\/","title":{"rendered":"Parque das \u00c1guas, em Ipatinga, ter\u00e1 creche municipal"},"content":{"rendered":"<div>A Prefeitura de Ipatinga concluiu, na semana passada, a terraplanagem do terreno onde ser\u00e1 constru\u00edda mais uma unidade de Educa\u00e7\u00e3o Infantil no munic\u00edpio. A nova creche ficar\u00e1 localizada na rua Rio S\u00e3o Francisco, n\u00b0815, no bairro Parque das \u00c1guas, e vai atender tamb\u00e9m a popula\u00e7\u00e3o dos bairros Veneza e Planalto.<\/p>\n<div><\/div>\n<div>Durante a assinatura do termo de servi\u00e7o da obra, na tarde desta quinta-feira (20\/06), a prefeita Cec\u00edlia Ferramenta falou sobre as conquistas da atual Administra\u00e7\u00e3o Municipal, destacando a constru\u00e7\u00e3o de novas creches confirmadas para o munic\u00edpio. \u201cJ\u00e1 iniciamos a constru\u00e7\u00e3o da unidade do Jardim Santa Clara e inscrevemos mais seis projetos no Minist\u00e9rio da Educa\u00e7\u00e3o. No total ser\u00e3o oito creches, bem equipadas, que v\u00e3o garantir acesso \u00e0 educa\u00e7\u00e3o de qualidade a cerca de duas mil crian\u00e7as ipatinguenses\u201d, declarou a prefeita.<\/p>\n<div><\/div>\n<div>As obras da nova creche ter\u00e3o in\u00edcio nesta segunda-feira (24\/06), com previs\u00e3o de entrega nos pr\u00f3ximos nove meses, conforme informa\u00e7\u00f5es da Secretaria Municipal de Obras P\u00fablicas. Ap\u00f3s a realiza\u00e7\u00e3o da terraplanagem, ser\u00e3o iniciadas a execu\u00e7\u00e3o das escava\u00e7\u00f5es e a concretagem da funda\u00e7\u00e3o. A previs\u00e3o de entrega do pr\u00e9dio \u00e0 comunidade est\u00e1 programada entre os meses de mar\u00e7o e abril de 2014.<\/p>\n<div><\/div>\n<div>Os moradores da regional 4 participaram do lan\u00e7amento da obra e aplaudiram a prefeita durante a solenidade de assinatura da ordem de servi\u00e7o para constru\u00e7\u00e3o da creche. De acordo com a dona de casa Adalgisa Neves dos Santos, av\u00f3 de Vit\u00f3rio Emanuel, de 1 ano e 4 meses, a nova entidade vai chegar em boa hora. \u201cEstou achando excelente a vinda dessa creche para o nosso bairro, pois as m\u00e3es precisam ter onde deixar os filhos para trabalhar\u201d, observou a dona de casa.<\/p>\n<div>Infraestrutura<\/p>\n<div><\/div>\n<div>Al\u00e9m das creches do Jardim Santa Clara e do Parque das \u00c1guas, outras seis unidades ser\u00e3o constru\u00eddas em Ipatinga. As creches ter\u00e1 padr\u00e3o nacional tipo B, estipulado pelo MEC, que se caracteriza pela capacidade de atendimento a aproximadamente 240 crian\u00e7as com at\u00e9 cinco anos de idade, em dois turnos, ou 120, em turno integral.<\/p>\n<div><\/div>\n<div>As unidades compreendem salas pedag\u00f3gicas e de inform\u00e1tica, secretaria, p\u00e1tio coberto, cozinha, refeit\u00f3rio, sanit\u00e1rio e frald\u00e1rio, entre outros ambientes, todos adaptados para pessoas com defici\u00eancia. A creche do Jardim Santa Clara ser\u00e1 constru\u00edda na rua Ma\u00e7arico, n\u00ba 450.<\/p>\n<div><\/div>\n<div>Os recursos para constru\u00e7\u00e3o da creche prov\u00eam do Programa de Acelera\u00e7\u00e3o do Crescimento (PAC-2) do governo federal, a partir de contrato confirmado pela prefeita em audi\u00eancia no Minist\u00e9rio da Educa\u00e7\u00e3o, realizada em fevereiro deste ano.<\/p>\n<div><\/div>\n<div>A obra foi or\u00e7ada em aproximadamente R$1,4 milh\u00e3o. Em cumprimento ao programa, a PMI fica respons\u00e1vel por oferecer o terreno e executar a obra, no prazo m\u00e9dio de dois anos e meio, incluindo prazo de licita\u00e7\u00e3o. Em contrapartida, o governo federal libera os recursos de forma progressiva, sendo repassados 30% no momento da licita\u00e7\u00e3o, mais 50% no in\u00edcio da constru\u00e7\u00e3o. Ap\u00f3s conclus\u00e3o de 80% da obra, s\u00e3o destinadas verbas para aquisi\u00e7\u00e3o de mobili\u00e1rio escolar, de acordo com o MEC.<\/p>\n<div><\/div>\n<div><em>Fonte: Prefeitura Municipal de Ipatinga<\/em><\/div>\n","protected":false},"excerpt":{"rendered":"<p>A Prefeitura de Ipatinga concluiu, na semana passada, a terraplanagem do terreno onde ser\u00e1 constru\u00edda mais uma unidade de Educa\u00e7\u00e3o Infantil no munic\u00edpio. A nova creche ficar\u00e1 localizada na rua Rio S\u00e3o Francisco, n\u00b0815, no bairro Parque das \u00c1guas, e vai atender tamb\u00e9m a popula\u00e7\u00e3o dos bairros Veneza e Planalto. Durante a assinatura do termo [&hellip;]<\/p>\n","protected":false},"author":1,"featured_media":0,"comment_status":"open","ping_status":"open","sticky":false,"template":"","format":"standard","meta":{"footnotes":""},"categories":[6,8],"tags":[15],"class_list":["post-576","post","type-post","status-publish","format-standard","hentry","category-noticias","category-servicos","tag-ipatinga"],"_links":{"self":[{"href":"https:\/\/www.encontraipatinga.com.br\/noticias\/wp-json\/wp\/v2\/posts\/576","targetHints":{"allow":["GET"]}}],"collection":[{"href":"https:\/\/www.encontraipatinga.com.br\/noticias\/wp-json\/wp\/v2\/posts"}],"about":[{"href":"https:\/\/www.encontraipatinga.com.br\/noticias\/wp-json\/wp\/v2\/types\/post"}],"author":[{"embeddable":true,"href":"https:\/\/www.encontraipatinga.com.br\/noticias\/wp-json\/wp\/v2\/users\/1"}],"replies":[{"embeddable":true,"href":"https:\/\/www.encontraipatinga.com.br\/noticias\/wp-json\/wp\/v2\/comments?post=576"}],"version-history":[{"count":4,"href":"https:\/\/www.encontraipatinga.com.br\/noticias\/wp-json\/wp\/v2\/posts\/576\/revisions"}],"predecessor-version":[{"id":580,"href":"https:\/\/www.encontraipatinga.com.br\/noticias\/wp-json\/wp\/v2\/posts\/576\/revisions\/580"}],"wp:attachment":[{"href":"https:\/\/www.encontraipatinga.com.br\/noticias\/wp-json\/wp\/v2\/media?parent=576"}],"wp:term":[{"taxonomy":"category","embeddable":true,"href":"https:\/\/www.encontraipatinga.com.br\/noticias\/wp-json\/wp\/v2\/categories?post=576"},{"taxonomy":"post_tag","embeddable":true,"href":"https:\/\/www.encontraipatinga.com.br\/noticias\/wp-json\/wp\/v2\/tags?post=576"}],"curies":[{"name":"wp","href":"https:\/\/api.w.org\/{rel}","templated":true}]}}