{"id":572,"date":"2013-06-21T00:01:02","date_gmt":"2013-06-21T03:01:02","guid":{"rendered":"http:\/\/www.encontraipatinga.com.br\/noticias\/?p=572"},"modified":"2013-06-20T13:53:15","modified_gmt":"2013-06-20T16:53:15","slug":"vistoria-do-transporte-escolar-em-ipatinga-comeca-em-julho","status":"publish","type":"post","link":"https:\/\/www.encontraipatinga.com.br\/noticias\/vistoria-do-transporte-escolar-em-ipatinga-comeca-em-julho\/","title":{"rendered":"Vistoria do transporte escolar em Ipatinga come\u00e7a em julho"},"content":{"rendered":"<div>\n<p>Motoristas e propriet\u00e1rios de transporte escolar devem estar atentos ao licenciamento para legalizar a condu\u00e7\u00e3o de estudantes no segundo semestre de 2013. A Prefeitura de Ipatinga inicia o processo de vistoria de ve\u00edculos e da documenta\u00e7\u00e3o dos condutores cadastrados a partir do dia 4 de julho, das 7h30 \u00e0s 10h30, no p\u00e1tio da antiga Suplan, no bairro Cidade Nobre.<\/p>\n<div><\/div>\n<div>\n<p>Cerca de 300 ve\u00edculos, entre vans, micro-\u00f4nibus e \u00f4nibus, devem se submeter \u00e0 vistoria, segundo o diretor do Departamento de Transportes e Tr\u00e2nsito (Detra) da Secretaria Municipal de Servi\u00e7os Urbanos e Meio Ambiente de Ipatinga (Sesuma), Jos\u00e9 C\u00e1ssio Bas\u00edlio. \u201cA vistoria dos ve\u00edculos compreende uma avalia\u00e7\u00e3o mec\u00e2nica e el\u00e9trica dos ve\u00edculos, bem como suas condi\u00e7\u00f5es de circula\u00e7\u00e3o, estado de conserva\u00e7\u00e3o interno e externo, al\u00e9m de equipamentos obrigat\u00f3rios, como cinto de seguran\u00e7a para todos os passageiros, extintor de inc\u00eandio e, no caso dos \u00f4nibus, se h\u00e1 sa\u00edda de emerg\u00eancia\u201d, enumera o diretor.<\/p>\n<div><\/div>\n<div>\n<p>O ano de fabrica\u00e7\u00e3o dos ve\u00edculos tamb\u00e9m ser\u00e1 observado durante a inspe\u00e7\u00e3o. Para \u00f4nibus e micro-\u00f4nibus, o limite m\u00e1ximo \u00e9 de 20 anos de uso; e vans, Kombi\u2019s e similares devem ser fabricados no m\u00e1ximo h\u00e1 16 anos.<\/p>\n<div><\/div>\n<div>\n<p>Realizadas obrigatoriamente a cada seis meses, as vistorias t\u00eam como pr\u00e9-requisitos a apresenta\u00e7\u00e3o de v\u00e1rios documentos: certificado de licenciamento do ve\u00edculo obtido na \u00faltima vistoria; seguro obrigat\u00f3rio na categoria destinada \u00e0s vans; c\u00f3pias da identidade civil, da Carteira Nacional de Habilita\u00e7\u00e3o, da carteira de conclus\u00e3o do curso de condutor de transporte escolar e do alvar\u00e1 de transportes. A lista com os nomes de todos os estudantes transportados tamb\u00e9m deve ser apresentada na vistoria.<\/p>\n<div><\/div>\n<div>Legisla\u00e7\u00e3o<\/div>\n<div><\/div>\n<div>\n<p>As atividades de vistoria e fiscaliza\u00e7\u00e3o dos transportes escolares s\u00e3o regulamentadas pela Lei Municipal 2.931\/2011 e pelo C\u00f3digo de Tr\u00e2nsito Brasileiro (CTB). De acordo com a legisla\u00e7\u00e3o municipal, o motorista que n\u00e3o se submeter \u00e0 inspe\u00e7\u00e3o semestral est\u00e1 sujeito \u00e0 suspens\u00e3o ou cassa\u00e7\u00e3o da sua permiss\u00e3o para condu\u00e7\u00e3o do transporte escolar, al\u00e9m das penalidades impostas pelo CTB.<\/p>\n<div><\/div>\n<div>\n<p>Uma vez atestado que o motorista e o ve\u00edculo cumprem todos os requisitos da fiscaliza\u00e7\u00e3o, os condutores recebem um certificado que comprova o seu licenciamento para transporte escolar. Em caso de d\u00favidas, os pais e passageiros podem pedir ao motorista que apresente o certificado e consultar informa\u00e7\u00f5es sobre o condutor do ve\u00edculo no Detra. Mais informa\u00e7\u00f5es pelo telefone 3829-8529.<\/p>\n<div><\/div>\n<div><em>Fonte: Prefeitura Municipal de Ipatinga<\/em><\/div>\n<\/div>\n<\/div>\n<\/div>\n<\/div>\n<\/div>\n<\/div>\n","protected":false},"excerpt":{"rendered":"<p>Motoristas e propriet\u00e1rios de transporte escolar devem estar atentos ao licenciamento para legalizar a condu\u00e7\u00e3o de estudantes no segundo semestre de 2013. A Prefeitura de Ipatinga inicia o processo de vistoria de ve\u00edculos e da documenta\u00e7\u00e3o dos condutores cadastrados a partir do dia 4 de julho, das 7h30 \u00e0s 10h30, no p\u00e1tio da antiga Suplan, [&hellip;]<\/p>\n","protected":false},"author":1,"featured_media":0,"comment_status":"open","ping_status":"open","sticky":false,"template":"","format":"standard","meta":{"footnotes":""},"categories":[6,8],"tags":[15],"class_list":["post-572","post","type-post","status-publish","format-standard","hentry","category-noticias","category-servicos","tag-ipatinga"],"_links":{"self":[{"href":"https:\/\/www.encontraipatinga.com.br\/noticias\/wp-json\/wp\/v2\/posts\/572","targetHints":{"allow":["GET"]}}],"collection":[{"href":"https:\/\/www.encontraipatinga.com.br\/noticias\/wp-json\/wp\/v2\/posts"}],"about":[{"href":"https:\/\/www.encontraipatinga.com.br\/noticias\/wp-json\/wp\/v2\/types\/post"}],"author":[{"embeddable":true,"href":"https:\/\/www.encontraipatinga.com.br\/noticias\/wp-json\/wp\/v2\/users\/1"}],"replies":[{"embeddable":true,"href":"https:\/\/www.encontraipatinga.com.br\/noticias\/wp-json\/wp\/v2\/comments?post=572"}],"version-history":[{"count":2,"href":"https:\/\/www.encontraipatinga.com.br\/noticias\/wp-json\/wp\/v2\/posts\/572\/revisions"}],"predecessor-version":[{"id":574,"href":"https:\/\/www.encontraipatinga.com.br\/noticias\/wp-json\/wp\/v2\/posts\/572\/revisions\/574"}],"wp:attachment":[{"href":"https:\/\/www.encontraipatinga.com.br\/noticias\/wp-json\/wp\/v2\/media?parent=572"}],"wp:term":[{"taxonomy":"category","embeddable":true,"href":"https:\/\/www.encontraipatinga.com.br\/noticias\/wp-json\/wp\/v2\/categories?post=572"},{"taxonomy":"post_tag","embeddable":true,"href":"https:\/\/www.encontraipatinga.com.br\/noticias\/wp-json\/wp\/v2\/tags?post=572"}],"curies":[{"name":"wp","href":"https:\/\/api.w.org\/{rel}","templated":true}]}}