{"id":559,"date":"2013-06-12T00:01:12","date_gmt":"2013-06-12T03:01:12","guid":{"rendered":"http:\/\/www.encontraipatinga.com.br\/noticias\/?p=559"},"modified":"2013-06-11T19:30:31","modified_gmt":"2013-06-11T22:30:31","slug":"nova-parceria-fortalece-o-empreendedorismo-em-ipatinga","status":"publish","type":"post","link":"https:\/\/www.encontraipatinga.com.br\/noticias\/nova-parceria-fortalece-o-empreendedorismo-em-ipatinga\/","title":{"rendered":"Nova parceria fortalece o empreendedorismo em Ipatinga"},"content":{"rendered":"<div>Mais de 250 alunos participaram da aula inaugural dos cursos profissionalizantes oferecidos pelo Centro Vocacional Tecnol\u00f3gico (CVT) de Ipatinga, realizada na noite da \u00faltima segunda-feira (10\/06). Como resultado de uma parceria firmada entre Prefeitura Municipal de Ipatinga com o Col\u00e9gio T\u00e9cnico da Universidade Federal de Minas Gerais (UFMG) \u2013 Coltec, intermediada pela Federa\u00e7\u00e3o das Associa\u00e7\u00f5es Comerciais e Empresariais do Estado de Minas Gerais (Federaminas), ser\u00e3o oferecidos, a partir deste m\u00eas, os cursos de idiomas \u2013 Ingl\u00eas e Espanhol \u2013 e Auxiliar Administrativo com \u00eanfase em Empreendedorismo. Os cursos s\u00e3o ofertados por meio do Programa Nacional de Acesso ao Ensino T\u00e9cnico e Emprego (Pronatec-Copa Idiomas).<\/p>\n<div><\/div>\n<div>Durante a aula, os alunos puderam conhecer os seus professores, receberam orienta\u00e7\u00f5es para os cursos e assistiram a uma palestra sobre \u201cMercado de Trabalho\u201d, ministrada pela cientista pol\u00edtica M\u00e1rcia Rodrigues Moreira.<\/p>\n<div><\/div>\n<div>O secret\u00e1rio de Desenvolvimento Econ\u00f4mico e Turismo de Ipatinga, H\u00e9lcio Muzzi Martins, descreveu o empenho da prefeita Cec\u00edlia Ferramenta e da sua equipe de governo em buscar parcerias que tragam mais oportunidades aos ipatinguenses. \u201cTemos trabalhado para oferecer cursos de qualifica\u00e7\u00e3o e capacita\u00e7\u00e3o que aperfei\u00e7oem os servi\u00e7os prestados em nosso munic\u00edpio, com objetivo de alavancar a atividade comercial e tur\u00edstica para movimentar a economia de Ipatinga\u201d, argumentou.<\/p>\n<div><\/div>\n<div>Aluno do curso de empreendedorismo, o presidente da Associa\u00e7\u00e3o dos Empreendedores Rurais de Ipatinga (Aetri), Jos\u00e9 Bonif\u00e1cio, esteve atento \u00e0 aula inaugural. \u201cA palestra nos permitiu conhecer conceitos que poder\u00e3o ser aplicados em nosso neg\u00f3cio e nas a\u00e7\u00f5es da Aetri\u201d, contou o empreendedor.<\/p>\n<div><\/div>\n<div>A diretora de Fomento e Regulamenta\u00e7\u00e3o da Secretaria de Estado de Desenvolvimento Econ\u00f4mico e representante do F\u00f3rum Permanente Mineiro das Microempresas e Empresas de Pequeno Porte (Fopemimpe), Marina Brand\u00e3o Dutra, tamb\u00e9m falou para os novos alunos do CTV. \u201cOs governos federal e estadual oferecem diversas oportunidades ao empreendedor individual. Tudo \u00e9 debatido no Fopemimpe e a participa\u00e7\u00e3o dos empreendedores de Ipatinga ser\u00e1 de grande import\u00e2ncia\u201d, ressaltou.<\/p>\n<div><\/div>\n<div>A abertura dos cursos do CVT tamb\u00e9m marcou o in\u00edcio de uma s\u00f3lida parceria entre Prefeitura de Ipatinga e Coltec, afirmou o supervisor adjunto do Eixo de Idiomas do Pronatec e coordenador de Idiomas do Col\u00e9gio T\u00e9cnico da UFMG, Eliano Souza. \u201cOs cursos ofertados ser\u00e3o o pontap\u00e9 inicial de uma parceria que visa proporcionar a forma\u00e7\u00e3o e profissionaliza\u00e7\u00e3o gratuita de jovens e adultos com qualidade\u201d, refor\u00e7ou.<\/p>\n<div><\/div>\n<div>Para o presidente da Federaminas, Wander Luis Silva, a forma\u00e7\u00e3o em empreendedorismo aumenta a competitividade dos empres\u00e1rios da regi\u00e3o. \u201cTrabalhamos em parceria com a Prefeitura para garantir que os empreendedores tenham condi\u00e7\u00f5es de desenvolver habilidades e possam transformar o seu neg\u00f3cio\u201d, enfatizou.<\/p>\n<div><\/div>\n<div><em>Fonte: Prefeitura Municipal de Ipatinga<\/em><\/div>\n","protected":false},"excerpt":{"rendered":"<p>Mais de 250 alunos participaram da aula inaugural dos cursos profissionalizantes oferecidos pelo Centro Vocacional Tecnol\u00f3gico (CVT) de Ipatinga, realizada na noite da \u00faltima segunda-feira (10\/06). Como resultado de uma parceria firmada entre Prefeitura Municipal de Ipatinga com o Col\u00e9gio T\u00e9cnico da Universidade Federal de Minas Gerais (UFMG) \u2013 Coltec, intermediada pela Federa\u00e7\u00e3o das Associa\u00e7\u00f5es [&hellip;]<\/p>\n","protected":false},"author":1,"featured_media":0,"comment_status":"open","ping_status":"open","sticky":false,"template":"","format":"standard","meta":{"footnotes":""},"categories":[6,8],"tags":[15],"class_list":["post-559","post","type-post","status-publish","format-standard","hentry","category-noticias","category-servicos","tag-ipatinga"],"_links":{"self":[{"href":"https:\/\/www.encontraipatinga.com.br\/noticias\/wp-json\/wp\/v2\/posts\/559","targetHints":{"allow":["GET"]}}],"collection":[{"href":"https:\/\/www.encontraipatinga.com.br\/noticias\/wp-json\/wp\/v2\/posts"}],"about":[{"href":"https:\/\/www.encontraipatinga.com.br\/noticias\/wp-json\/wp\/v2\/types\/post"}],"author":[{"embeddable":true,"href":"https:\/\/www.encontraipatinga.com.br\/noticias\/wp-json\/wp\/v2\/users\/1"}],"replies":[{"embeddable":true,"href":"https:\/\/www.encontraipatinga.com.br\/noticias\/wp-json\/wp\/v2\/comments?post=559"}],"version-history":[{"count":2,"href":"https:\/\/www.encontraipatinga.com.br\/noticias\/wp-json\/wp\/v2\/posts\/559\/revisions"}],"predecessor-version":[{"id":561,"href":"https:\/\/www.encontraipatinga.com.br\/noticias\/wp-json\/wp\/v2\/posts\/559\/revisions\/561"}],"wp:attachment":[{"href":"https:\/\/www.encontraipatinga.com.br\/noticias\/wp-json\/wp\/v2\/media?parent=559"}],"wp:term":[{"taxonomy":"category","embeddable":true,"href":"https:\/\/www.encontraipatinga.com.br\/noticias\/wp-json\/wp\/v2\/categories?post=559"},{"taxonomy":"post_tag","embeddable":true,"href":"https:\/\/www.encontraipatinga.com.br\/noticias\/wp-json\/wp\/v2\/tags?post=559"}],"curies":[{"name":"wp","href":"https:\/\/api.w.org\/{rel}","templated":true}]}}