{"id":540,"date":"2013-05-31T00:01:44","date_gmt":"2013-05-31T03:01:44","guid":{"rendered":"http:\/\/www.encontraipatinga.com.br\/noticias\/?p=540"},"modified":"2013-08-19T09:37:11","modified_gmt":"2013-08-19T12:37:11","slug":"jogue-limpo-com-ipatinga","status":"publish","type":"post","link":"https:\/\/www.encontraipatinga.com.br\/noticias\/jogue-limpo-com-ipatinga\/","title":{"rendered":"Jogue limpo com Ipatinga"},"content":{"rendered":"<div>A <a href=\"http:\/\/www.encontraipatinga.com.br\/ipatinga\/prefeitura-municipal-de-ipatinga.shtml\" target=\"_blank\">Prefeitura Municipal de Ipatinga<\/a> comemora o Dia Mundial do Meio Ambiente, celebrado no dia 5 de junho, com a Semana do Meio Ambiente, a ser realizada entre os dias 3 e 7 de junho. Os eventos alusivos \u00e0 data ser\u00e3o trabalhados com os slogans tem\u00e1ticos \u201cLixo tem lugar certo. Jogue limpo com guia Ipatinga\u201d e \u201cN\u00e3o jogue lixo pra debaixo do tapete\u201d. Durante os cinco dias de atividades ser\u00e3o realizadas passeatas, blitzes educativas, palestras, distribui\u00e7\u00e3o de lixeira para carros, doa\u00e7\u00e3o e plantio de mudas.<\/p>\n<div><\/div>\n<div>A abertura do evento est\u00e1 programada para o dia 3 de junho, \u00e0s 9h, no Parque Ipanema, com o plantio de mudas e participa\u00e7\u00e3o de alunos das escolas municipais de Ipatinga.<\/p>\n<div><\/div>\n<div>Segundo o secret\u00e1rio municipal de Servi\u00e7os Urbanos e Meio Ambiente (Sesuma), Gustavo Finocchio Lima, a Semana do Meio Ambiente prop\u00f5e a conscientiza\u00e7\u00e3o sobre o descarte correto de res\u00edduos em Ipatinga (Estado MG). \u201cDiversos locais, tais como cal\u00e7adas, pra\u00e7as, canteiros e jardins, t\u00eam sido muito utilizados como bota-fora de entulhos. Nosso objetivo \u00e9 orientar a popula\u00e7\u00e3o para auxiliar na manuten\u00e7\u00e3o da limpeza das \u00e1reas p\u00fablicas e, principalmente, na preserva\u00e7\u00e3o das \u00e1reas verdes da cidade\u201d, refor\u00e7a o secret\u00e1rio.<\/p>\n<div><\/div>\n<div>As atividades da Semana do Meio Ambiente tamb\u00e9m v\u00e3o abordar o descarte consciente de res\u00edduos eletr\u00f4nicos, pilhas, baterias, medicamentos vencidos e \u00f3leo de cozinha. Ser\u00e3o disponibilizados pontos de coleta na pra\u00e7a do bairro Vila Ipanema, no dia 4 de junho, e no Parque Ipanema, no encerramento da Semana, em 7 de junho, al\u00e9m da divulga\u00e7\u00e3o dos pontos de coleta permanentes.<\/p>\n<div><\/div>\n<div>A destina\u00e7\u00e3o do lixo eletr\u00f4nico na cidade de Ipatinga tamb\u00e9m ser\u00e1 tema de uma palestra ministrada por representantes das empresas Enov, Biogerais e Farmabiente, no dia 4 de junho, no Ipanema Esporte Clube, bairro Vila Ipanema.<\/p>\n<div><\/div>\n<div>Uma passeata pelo Dia Mundial do Meio Ambiente marca as comemora\u00e7\u00f5es, na pr\u00f3xima quarta-feira (05\/06). Os participantes partir\u00e3o da Pra\u00e7a Central do bairro Bom Jardim, \u00e0s 8h, seguindo at\u00e9 o Parque Ecol\u00f3gico Samambaia. A partir das 9h ser\u00e3o realizadas blitzes educativas simult\u00e2neas em cinco pontos do munic\u00edpio: no pr\u00e9dio da PMI, na avenida Roberto Burle Marx, na avenida Jo\u00e3o Cl\u00e1udio T. Sales (pr\u00f3ximo \u00e0 Usipa), em frente \u00e0 Esta\u00e7\u00e3o de Tratamento de Esgoto (ETE) Rio Doce e na avenida Selim Jos\u00e9 de Sales (pr\u00f3ximo \u00e0 Escola Municipal Arthur Bernardes).<\/p>\n<div><\/div>\n<div>No encerramento da Semana do Meio Ambiente, no dia 7 de junho, as empresas parceiras do evento estar\u00e3o no Parque Ipanema falando sobre o descarte consciente de res\u00edduos s\u00f3lidos, das 8h \u00e0s 16h. A Prefeitura de Ipatinga conta com o apoio da Infrater, Copasa, Grupo ASAS, Enov, JR Biogerais Reciclagem Ambiental, Pol\u00edcia Ambiental, Vital Engenharia Ambiental e Farmambient para realiza\u00e7\u00e3o do evento.<\/p>\n<div><\/div>\n<div>Mais informa\u00e7\u00f5es sobre o descarte consciente de res\u00edduos podem ser obtidas no Departamento de Meio Ambiente da Sesuma pelo telefone 3829-8094.<\/p>\n<div><\/div>\n<div>CONFIRA A PROGRAMA\u00c7\u00c3O DA SEMANA DO MEIO AMBIENTE<\/p>\n<div><\/div>\n<div>03\/06 \u2013 segunda-feira<\/div>\n<div>9h \u2013 Plantio de mudas | Parque Ipanema<\/div>\n<div>14h \u2013 Reuni\u00e3o Conselho da APA Ipanema | PMI<\/div>\n<div>16h \u2013 Palestra: Regulariza\u00e7\u00e3o de Propriedade Rural | 7\u00ba andar PMI<\/p>\n<div><\/div>\n<div>04\/06 \u2013 ter\u00e7a-feira<\/div>\n<div>9h \u2013 Passeata conscientiza\u00e7\u00e3o sobre descarte de res\u00edduos s\u00f3lidos (eletr\u00f4nicos, pilhas, baterias, medicamentos vencidos e \u00f3leo de cozinha)<\/div>\n<div>Sa\u00edda: Pra\u00e7a Central do Vila Ipanema<\/div>\n<div>18h30 \u2013 Palestra: Res\u00edduos s\u00f3lidos | Palestrantes: Enov, Biogerais e Farmabiente | Local: Ipanema Esporte Clube, bairro Vila Ipanema<\/p>\n<div><\/div>\n<div>05\/06 \u2013 quarta-feira<\/div>\n<div>8h \u2013 Passeata pelo Dia Mundial do Meio Ambiente<\/div>\n<div>Sa\u00edda: Pra\u00e7a Central do bairro Bom Jardim<\/div>\n<div>9h \u2013 Apresenta\u00e7\u00e3o de escolas e creches municipais e show musical| Local: Parque Ecol\u00f3gico Samambaia, bairro Bom Jardim<\/p>\n<div><\/div>\n<div>9h \u2013 Blitz Ecol\u00f3gica<\/div>\n<div>Locais: Avenida Roberto Burle Marx | Avenida Jo\u00e3o Cl\u00e1udio T. Sales (pr\u00f3ximo \u00e0 Usipa) | ETE \u2013 Rio Doce | Avenida Selim Jos\u00e9 de Sales (pr\u00f3ximo \u00e0 E.M Arthur Bernardes) | Prefeitura de Ipatinga<\/div>\n<div>19h \u2013 Palestra: Consumismo | Local: E.E. Laura Xavier Santana, bairro Bom Jardim.<\/p>\n<div><\/div>\n<div>06\/06 \u2013 quinta-feira<\/div>\n<div>8h \u2013 Plantio de mudas e cercamento da nascente do bairro Planalto<\/div>\n<div>19h \u2013 Palestra: Energia Alternativa | Local: Sal\u00e3o Jo\u00e3o Paulo II \u2013 Igreja Cat\u00f3lica S\u00e3o Geraldo, bairro Bom Jardim.<\/p>\n<div><\/div>\n<div>07\/06 \u2013 sexta-feira<\/div>\n<div>8h \u00e0s 16h \u2013 Encerramento da Semana do Meio Ambiente | Parque Ipanema.<\/div>\n<div>Ponto de coleta de res\u00edduos eletr\u00f4nicos, pilhas, baterias, medicamentos vencidos e \u00f3leo de cozinha.<\/p>\n<div>\n<div><em>Fonte: Prefeitura Municipal de Ipatinga<\/em><\/div>\n","protected":false},"excerpt":{"rendered":"<p>A Prefeitura Municipal de Ipatinga comemora o Dia Mundial do Meio Ambiente, celebrado no dia 5 de junho, com a Semana do Meio Ambiente, a ser realizada entre os dias 3 e 7 de junho. Os eventos alusivos \u00e0 data ser\u00e3o trabalhados com os slogans tem\u00e1ticos \u201cLixo tem lugar certo. Jogue limpo com guia Ipatinga\u201d [&hellip;]<\/p>\n","protected":false},"author":1,"featured_media":0,"comment_status":"open","ping_status":"open","sticky":false,"template":"","format":"standard","meta":{"footnotes":""},"categories":[5,6,8],"tags":[15],"class_list":["post-540","post","type-post","status-publish","format-standard","hentry","category-eventos","category-noticias","category-servicos","tag-ipatinga"],"_links":{"self":[{"href":"https:\/\/www.encontraipatinga.com.br\/noticias\/wp-json\/wp\/v2\/posts\/540","targetHints":{"allow":["GET"]}}],"collection":[{"href":"https:\/\/www.encontraipatinga.com.br\/noticias\/wp-json\/wp\/v2\/posts"}],"about":[{"href":"https:\/\/www.encontraipatinga.com.br\/noticias\/wp-json\/wp\/v2\/types\/post"}],"author":[{"embeddable":true,"href":"https:\/\/www.encontraipatinga.com.br\/noticias\/wp-json\/wp\/v2\/users\/1"}],"replies":[{"embeddable":true,"href":"https:\/\/www.encontraipatinga.com.br\/noticias\/wp-json\/wp\/v2\/comments?post=540"}],"version-history":[{"count":6,"href":"https:\/\/www.encontraipatinga.com.br\/noticias\/wp-json\/wp\/v2\/posts\/540\/revisions"}],"predecessor-version":[{"id":724,"href":"https:\/\/www.encontraipatinga.com.br\/noticias\/wp-json\/wp\/v2\/posts\/540\/revisions\/724"}],"wp:attachment":[{"href":"https:\/\/www.encontraipatinga.com.br\/noticias\/wp-json\/wp\/v2\/media?parent=540"}],"wp:term":[{"taxonomy":"category","embeddable":true,"href":"https:\/\/www.encontraipatinga.com.br\/noticias\/wp-json\/wp\/v2\/categories?post=540"},{"taxonomy":"post_tag","embeddable":true,"href":"https:\/\/www.encontraipatinga.com.br\/noticias\/wp-json\/wp\/v2\/tags?post=540"}],"curies":[{"name":"wp","href":"https:\/\/api.w.org\/{rel}","templated":true}]}}