{"id":538,"date":"2013-05-29T00:01:34","date_gmt":"2013-05-29T03:01:34","guid":{"rendered":"http:\/\/www.encontraipatinga.com.br\/noticias\/?p=538"},"modified":"2013-08-19T09:37:11","modified_gmt":"2013-08-19T12:37:11","slug":"feira-do-ipatingao-tem-novo-horario-em-ipatinga","status":"publish","type":"post","link":"https:\/\/www.encontraipatinga.com.br\/noticias\/feira-do-ipatingao-tem-novo-horario-em-ipatinga\/","title":{"rendered":"Feira do Ipating\u00e3o tem novo hor\u00e1rio em Ipatinga"},"content":{"rendered":"<p>A feira de atacado, que funciona no estacionamento do est\u00e1dio Ipating\u00e3o, em guia Ipatinga, no Leste do Estado\u00a0de\u00a0Minas Gerais, funciona normalmente toda segunda e quinta, a partir das 14h. Mas desde a segunda-feira (27), passou a funcionar em novo hor\u00e1rio: \u00e0s 11h.<\/p>\n<p>O novo hor\u00e1rio foi um acordo feito entre <a href=\"http:\/\/www.encontraipatinga.com.br\/ipatinga\/prefeitura-municipal-de-ipatinga.shtml\" target=\"_blank\">Prefeitura Municipal de\u00a0Ipatinga<\/a>, comerciantes e produtores, a coordena\u00e7\u00e3o do hortifrutigranjeiro e a APAE, e tem como objetivo abolir o com\u00e9rcio Paralelo na Avenida Roberto Burle Marx. Desta forma, os feirantes dever\u00e3o comercializar os produtos somente no interior da \u00e1rea da feira.<\/p>\n<p>O tr\u00e2nsito sofrer\u00e1 altera\u00e7\u00f5es. Em toda extens\u00e3o da avenida, durante a feira, ser\u00e3o proibidos estacionamento e paradas de ve\u00edculos para carga e descarga de 6h \u00e0s 18h. Placas indicativas ser\u00e3o instaladas no local.<\/p>\n<p>De acordo com o secret\u00e1rio de Desenvolvimento Econ\u00f4mico e Turismo na cidade de Ipatinga, H\u00e9lcio Muzzi Martins, o estacionamento dos caminh\u00f5es dos feirantes, que come\u00e7a do lado de fora da feira muito antes do inicio do seu funcionamento, resultou em um com\u00e9rcio desordenado.<\/p>\n<p>&#8220;A medida visa organizar a feira do Ipating\u00e3o, para garantir que ela aconte\u00e7a somente na \u00e1rea destinada \u00e0 venda por atacado de hortifrutigranjeiros\u201d, diz.<\/p>\n<p><em>Fonte: G1<\/em><\/p>\n","protected":false},"excerpt":{"rendered":"<p>A feira de atacado, que funciona no estacionamento do est\u00e1dio Ipating\u00e3o, em guia Ipatinga, no Leste do Estado\u00a0de\u00a0Minas Gerais, funciona normalmente toda segunda e quinta, a partir das 14h. Mas desde a segunda-feira (27), passou a funcionar em novo hor\u00e1rio: \u00e0s 11h. O novo hor\u00e1rio foi um acordo feito entre Prefeitura Municipal de\u00a0Ipatinga, comerciantes e [&hellip;]<\/p>\n","protected":false},"author":1,"featured_media":0,"comment_status":"open","ping_status":"open","sticky":false,"template":"","format":"standard","meta":{"footnotes":""},"categories":[6,8],"tags":[15],"class_list":["post-538","post","type-post","status-publish","format-standard","hentry","category-noticias","category-servicos","tag-ipatinga"],"_links":{"self":[{"href":"https:\/\/www.encontraipatinga.com.br\/noticias\/wp-json\/wp\/v2\/posts\/538","targetHints":{"allow":["GET"]}}],"collection":[{"href":"https:\/\/www.encontraipatinga.com.br\/noticias\/wp-json\/wp\/v2\/posts"}],"about":[{"href":"https:\/\/www.encontraipatinga.com.br\/noticias\/wp-json\/wp\/v2\/types\/post"}],"author":[{"embeddable":true,"href":"https:\/\/www.encontraipatinga.com.br\/noticias\/wp-json\/wp\/v2\/users\/1"}],"replies":[{"embeddable":true,"href":"https:\/\/www.encontraipatinga.com.br\/noticias\/wp-json\/wp\/v2\/comments?post=538"}],"version-history":[{"count":4,"href":"https:\/\/www.encontraipatinga.com.br\/noticias\/wp-json\/wp\/v2\/posts\/538\/revisions"}],"predecessor-version":[{"id":707,"href":"https:\/\/www.encontraipatinga.com.br\/noticias\/wp-json\/wp\/v2\/posts\/538\/revisions\/707"}],"wp:attachment":[{"href":"https:\/\/www.encontraipatinga.com.br\/noticias\/wp-json\/wp\/v2\/media?parent=538"}],"wp:term":[{"taxonomy":"category","embeddable":true,"href":"https:\/\/www.encontraipatinga.com.br\/noticias\/wp-json\/wp\/v2\/categories?post=538"},{"taxonomy":"post_tag","embeddable":true,"href":"https:\/\/www.encontraipatinga.com.br\/noticias\/wp-json\/wp\/v2\/tags?post=538"}],"curies":[{"name":"wp","href":"https:\/\/api.w.org\/{rel}","templated":true}]}}