{"id":531,"date":"2013-05-24T00:01:32","date_gmt":"2013-05-24T03:01:32","guid":{"rendered":"http:\/\/www.encontraipatinga.com.br\/noticias\/?p=531"},"modified":"2013-08-19T09:37:11","modified_gmt":"2013-08-19T12:37:11","slug":"biblioteca-municipal-de-ipatinga-recebe-exposicao-sobre-drummond","status":"publish","type":"post","link":"https:\/\/www.encontraipatinga.com.br\/noticias\/biblioteca-municipal-de-ipatinga-recebe-exposicao-sobre-drummond\/","title":{"rendered":"Biblioteca Municipal de Ipatinga recebe exposi\u00e7\u00e3o sobre Drummond"},"content":{"rendered":"<div>A Biblioteca Municipal Zumbi dos Palmares, no m\u00eas em que completa seus 47 anos de hist\u00f3ria, ganhou de presente a exposi\u00e7\u00e3o itinerante intitulada \u201cDrummond Testemunha da Experi\u00eancia Humana\u201d.<\/p>\n<div><\/div>\n<div>Entre os dias 27 de maio e 2 de junho, no hor\u00e1rio de 8h \u00e0s 18h, os visitantes da Biblioteca P\u00fablica de guia Ipatinga v\u00e3o conferir 16 pain\u00e9is expositivos, v\u00eddeo-document\u00e1rio e livro fotobiogr\u00e1fico sobre a vida e a obra do poeta mineiro Carlos Drummond de Andrade.<\/p>\n<div><\/div>\n<div>A abertura oficial da exposi\u00e7\u00e3o acontece nesta segunda-feira (27\/05), \u00e0s 10h, e vai contar com a presen\u00e7a de autoridades e p\u00fablico em geral.<\/p>\n<div><\/div>\n<div>O evento na cidade de Ipatinga \u00e9 uma realiza\u00e7\u00e3o da Funda\u00e7\u00e3o Banco do Brasil, por meio do Projeto Mem\u00f3ria, com a finalidade de difundir a obra de personalidades que contribu\u00edram significativamente para a transforma\u00e7\u00e3o social, a forma\u00e7\u00e3o da identidade cultural brasileira e o desenvolvimento do pa\u00eds.<\/p>\n<div><\/div>\n<div>Em edi\u00e7\u00f5es anteriores, j\u00e1 foram homenageados o poeta Castro Alves (1997), o escritor Monteiro Lobato (1998), o jurista Rui Barbosa (1999), o navegante Pedro Alvares Cabral (2000), o ex-presidente Juscelino Kubitschek (2002), o sanitarista Oswaldo Cruz (2003), o soci\u00f3logo Josu\u00e9 de Castro (2004), o educador Paulo Freire (2005), a feminista N\u00edsia Floresta (2006), o l\u00edder da Revolta da Chibata Jo\u00e3o C\u00e2ndido (2008) e o Marechal Rondon (2009).<\/p>\n<div><\/div>\n<div>Nesta edi\u00e7\u00e3o, o Projeto Mem\u00f3ria homenageia o poeta e cronista Carlos Drummond de Andrade (1902\/1987), cujas obras s\u00e3o marcadas pela descri\u00e7\u00e3o elegante e leve de fatos do cotidiano, revelando a verdade profunda de sua poesia.<\/p>\n<div><\/div>\n<div>Al\u00e9m da mostra, cada unidade da rede p\u00fablica de ensino vai receber um kit pedag\u00f3gico, contendo almanaque hist\u00f3rico e guia do professor, estendendo a mostra para o interior das escolas.<\/p>\n<div><\/div>\n<div>A exposi\u00e7\u00e3o \u201cDrummond Testemunha da Experi\u00eancia Humana\u201d \u00e9 aberta ao p\u00fablico e com entrada franca. Para agendamento de grupos ou informa\u00e7\u00f5es, entrar em contato com a Secretaria Municipal de Cultura, Esporte e Lazer, pelo telefone 3829-8059.<\/p>\n<div><\/div>\n<div>Tecnologia social de educa\u00e7\u00e3o<\/p>\n<div><\/div>\n<div>O Projeto Mem\u00f3ria \u00e9 uma tecnologia social de educa\u00e7\u00e3o direcionada a professores, alunos da rede p\u00fablica de ensino, historiadores, formadores de opini\u00e3o e o p\u00fablico em geral.<\/p>\n<div><\/div>\n<div>Dentre as a\u00e7\u00f5es, o projeto desenvolve produtos educativos, como as exposi\u00e7\u00f5es itinerantes, que circulam por centenas munic\u00edpios brasileiros, v\u00eddeos-document\u00e1rios e livros fotobiogr\u00e1ficos, dirigidos \u00e0s bibliotecas p\u00fablicas do pa\u00eds. Tamb\u00e9m s\u00e3o produzidos kits pedag\u00f3gicos, contendo almanaque hist\u00f3rico e guia do professor, destinado a 18 mil escolas p\u00fablicas do pa\u00eds.<\/p>\n<div><\/div>\n<div><strong>Servi\u00e7o<\/strong><\/p>\n<div><\/div>\n<div>Exposi\u00e7\u00e3o:\u00a0\u201cDrummond Testemunha da Experi\u00eancia Humana\u201d<\/div>\n<div>Local:\u00a0Biblioteca Municipal Zumbi dos Palmares<\/div>\n<div>Data:\u00a027 de maio a 2 de junho<\/div>\n<div>Hor\u00e1rio:\u00a08h \u00e0s 18h<\/p>\n<div><\/div>\n<div><em>Fonte: Prefeitura Municipal de Ipatinga<\/em><\/div>\n","protected":false},"excerpt":{"rendered":"<p>A Biblioteca Municipal Zumbi dos Palmares, no m\u00eas em que completa seus 47 anos de hist\u00f3ria, ganhou de presente a exposi\u00e7\u00e3o itinerante intitulada \u201cDrummond Testemunha da Experi\u00eancia Humana\u201d. Entre os dias 27 de maio e 2 de junho, no hor\u00e1rio de 8h \u00e0s 18h, os visitantes da Biblioteca P\u00fablica de guia Ipatinga v\u00e3o conferir 16 [&hellip;]<\/p>\n","protected":false},"author":1,"featured_media":0,"comment_status":"open","ping_status":"open","sticky":false,"template":"","format":"standard","meta":{"footnotes":""},"categories":[5,6,8],"tags":[15],"class_list":["post-531","post","type-post","status-publish","format-standard","hentry","category-eventos","category-noticias","category-servicos","tag-ipatinga"],"_links":{"self":[{"href":"https:\/\/www.encontraipatinga.com.br\/noticias\/wp-json\/wp\/v2\/posts\/531","targetHints":{"allow":["GET"]}}],"collection":[{"href":"https:\/\/www.encontraipatinga.com.br\/noticias\/wp-json\/wp\/v2\/posts"}],"about":[{"href":"https:\/\/www.encontraipatinga.com.br\/noticias\/wp-json\/wp\/v2\/types\/post"}],"author":[{"embeddable":true,"href":"https:\/\/www.encontraipatinga.com.br\/noticias\/wp-json\/wp\/v2\/users\/1"}],"replies":[{"embeddable":true,"href":"https:\/\/www.encontraipatinga.com.br\/noticias\/wp-json\/wp\/v2\/comments?post=531"}],"version-history":[{"count":6,"href":"https:\/\/www.encontraipatinga.com.br\/noticias\/wp-json\/wp\/v2\/posts\/531\/revisions"}],"predecessor-version":[{"id":705,"href":"https:\/\/www.encontraipatinga.com.br\/noticias\/wp-json\/wp\/v2\/posts\/531\/revisions\/705"}],"wp:attachment":[{"href":"https:\/\/www.encontraipatinga.com.br\/noticias\/wp-json\/wp\/v2\/media?parent=531"}],"wp:term":[{"taxonomy":"category","embeddable":true,"href":"https:\/\/www.encontraipatinga.com.br\/noticias\/wp-json\/wp\/v2\/categories?post=531"},{"taxonomy":"post_tag","embeddable":true,"href":"https:\/\/www.encontraipatinga.com.br\/noticias\/wp-json\/wp\/v2\/tags?post=531"}],"curies":[{"name":"wp","href":"https:\/\/api.w.org\/{rel}","templated":true}]}}