{"id":529,"date":"2013-05-23T00:01:57","date_gmt":"2013-05-23T03:01:57","guid":{"rendered":"http:\/\/www.encontraipatinga.com.br\/noticias\/?p=529"},"modified":"2013-08-19T09:37:12","modified_gmt":"2013-08-19T12:37:12","slug":"prefeitura-de-ipatinga-promete-entrega-de-upa-24-horas-em-cinco-meses","status":"publish","type":"post","link":"https:\/\/www.encontraipatinga.com.br\/noticias\/prefeitura-de-ipatinga-promete-entrega-de-upa-24-horas-em-cinco-meses\/","title":{"rendered":"Prefeitura de Ipatinga promete entrega de UPA 24 Horas em cinco meses"},"content":{"rendered":"<p>O secret\u00e1rio municipal de Obras P\u00fablicas, Jos\u00e9 Maria Ferreira, informou por meio de assessoria que a meta da administra\u00e7\u00e3o municipal \u00e9 concluir a constru\u00e7\u00e3o da Unidade de Pronto Atendimento (UPA) 24 Horas, no bairro Cana\u00e3, nos pr\u00f3ximos cinco meses. &#8220;Estamos terminando o fechamento das laterais da cobertura e as instala\u00e7\u00f5es el\u00e9trica e hidr\u00e1ulica. Ap\u00f3s esta etapa, ser\u00e1 executado o assentamento do piso, seguindo para a fase de acabamento\u201d, detalha o secret\u00e1rio.<\/p>\n<p>A UPA de guia Ipatinga faz parte do Programa de Aten\u00e7\u00e3o \u00e0 Urg\u00eancia, do Minist\u00e9rio da Sa\u00fade, aprovado para o munic\u00edpio em junho de 2012, atrav\u00e9s da portaria 1.173\/GM\/MS, com ades\u00e3o do Estado de Minas Gerais. \u201cNa pr\u00f3xima semana ser\u00e1 iniciado o assentamento do piso, al\u00e9m das instala\u00e7\u00f5es el\u00e9tricas, hidr\u00e1ulicas, l\u00f3gicas e de climatiza\u00e7\u00e3o\u201d, adiantou Jos\u00e9 Maria.<\/p>\n<p>Com \u00e1rea constru\u00edda de 1.700 m\u00b2, a UPA 24 Horas de Ipatinga \u00e9 classificada como Tipo III e se destina \u00e0s cidades que possuem entre 200 mil e 300 mil habitantes. A obra est\u00e1 or\u00e7ada em cerca de R$ 5,4 milh\u00f5es para a edifica\u00e7\u00e3o e mais R$ 1,6 milh\u00e3o destinado \u00e0 aquisi\u00e7\u00e3o de equipamentos na cidade de Ipatinga, totalizando R$ 7 milh\u00f5es em investimentos.<\/p>\n<p><em>Fonte: Di\u00e1rio do A\u00e7o<\/em><\/p>\n","protected":false},"excerpt":{"rendered":"<p>O secret\u00e1rio municipal de Obras P\u00fablicas, Jos\u00e9 Maria Ferreira, informou por meio de assessoria que a meta da administra\u00e7\u00e3o municipal \u00e9 concluir a constru\u00e7\u00e3o da Unidade de Pronto Atendimento (UPA) 24 Horas, no bairro Cana\u00e3, nos pr\u00f3ximos cinco meses. &#8220;Estamos terminando o fechamento das laterais da cobertura e as instala\u00e7\u00f5es el\u00e9trica e hidr\u00e1ulica. Ap\u00f3s esta [&hellip;]<\/p>\n","protected":false},"author":1,"featured_media":0,"comment_status":"open","ping_status":"open","sticky":false,"template":"","format":"standard","meta":{"footnotes":""},"categories":[5,6,8],"tags":[15],"class_list":["post-529","post","type-post","status-publish","format-standard","hentry","category-eventos","category-noticias","category-servicos","tag-ipatinga"],"_links":{"self":[{"href":"https:\/\/www.encontraipatinga.com.br\/noticias\/wp-json\/wp\/v2\/posts\/529","targetHints":{"allow":["GET"]}}],"collection":[{"href":"https:\/\/www.encontraipatinga.com.br\/noticias\/wp-json\/wp\/v2\/posts"}],"about":[{"href":"https:\/\/www.encontraipatinga.com.br\/noticias\/wp-json\/wp\/v2\/types\/post"}],"author":[{"embeddable":true,"href":"https:\/\/www.encontraipatinga.com.br\/noticias\/wp-json\/wp\/v2\/users\/1"}],"replies":[{"embeddable":true,"href":"https:\/\/www.encontraipatinga.com.br\/noticias\/wp-json\/wp\/v2\/comments?post=529"}],"version-history":[{"count":4,"href":"https:\/\/www.encontraipatinga.com.br\/noticias\/wp-json\/wp\/v2\/posts\/529\/revisions"}],"predecessor-version":[{"id":731,"href":"https:\/\/www.encontraipatinga.com.br\/noticias\/wp-json\/wp\/v2\/posts\/529\/revisions\/731"}],"wp:attachment":[{"href":"https:\/\/www.encontraipatinga.com.br\/noticias\/wp-json\/wp\/v2\/media?parent=529"}],"wp:term":[{"taxonomy":"category","embeddable":true,"href":"https:\/\/www.encontraipatinga.com.br\/noticias\/wp-json\/wp\/v2\/categories?post=529"},{"taxonomy":"post_tag","embeddable":true,"href":"https:\/\/www.encontraipatinga.com.br\/noticias\/wp-json\/wp\/v2\/tags?post=529"}],"curies":[{"name":"wp","href":"https:\/\/api.w.org\/{rel}","templated":true}]}}