{"id":516,"date":"2013-05-15T00:01:34","date_gmt":"2013-05-15T03:01:34","guid":{"rendered":"http:\/\/www.encontraipatinga.com.br\/noticias\/?p=516"},"modified":"2013-08-19T09:37:12","modified_gmt":"2013-08-19T12:37:12","slug":"estacao-memoria-recebe-programacao-especial-em-ipatinga","status":"publish","type":"post","link":"https:\/\/www.encontraipatinga.com.br\/noticias\/estacao-memoria-recebe-programacao-especial-em-ipatinga\/","title":{"rendered":"Esta\u00e7\u00e3o Mem\u00f3ria recebe programa\u00e7\u00e3o especial em Ipatinga"},"content":{"rendered":"<p>A <a href=\"http:\/\/www.encontraipatinga.com.br\/ipatinga\/prefeitura-municipal-de-ipatinga.shtml\" target=\"_blank\">Prefeitura Municipal de Ipatinga<\/a> realizou, na tarde desta segunda-feira (13), a abertura oficial da 11\u00aa Semana Nacional dos Museus, nas depend\u00eancias da Esta\u00e7\u00e3o Mem\u00f3ria. Sob o tema Museus (Mem\u00f3ria + Criatividade) = Mudan\u00e7a, a Secretaria de Cultura, Esporte e Lazer desenvolveu uma s\u00e9rie atividades culturais, com o objetivo de incentivar a visita\u00e7\u00e3o aos antiqu\u00e1rios brasileiros.<\/p>\n<div>Durante o evento, a diretora do Departamento de Cultura, Nilcin\u00e9ia Amorim, falou sobre a import\u00e2ncia da participa\u00e7\u00e3o da Esta\u00e7\u00e3o Mem\u00f3ria na Semana Nacional dos Museus. \u201cEste momento representa a reintegra\u00e7\u00e3o do espa\u00e7o p\u00fablico no Sistema Brasileiro de Museus. \u00c9 uma proposta desafiadora de trazer para a Esta\u00e7\u00e3o Mem\u00f3ria a guarda e preserva\u00e7\u00e3o de nossa hist\u00f3ria, a partir de uma pol\u00edtica p\u00fablica que garanta a participa\u00e7\u00e3o das antigas e novas gera\u00e7\u00f5es na preserva\u00e7\u00e3o da mem\u00f3ria de nossa cidade\u201d, explicou a diretora.<\/p>\n<div><\/div>\n<div>Com o objetivo de revitalizar a Esta\u00e7\u00e3o Mem\u00f3ria, uma das propostas da Prefeitura da cidade de Ipatinga \u00e9 convidar a sociedade para a constru\u00e7\u00e3o coletiva de um plano museol\u00f3gico. \u201cEsse plano, al\u00e9m de buscar resguardar o espa\u00e7o f\u00edsico, tamb\u00e9m objetiva preservar e catalogar o acervo, atrav\u00e9s de um programa de comunica\u00e7\u00e3o di\u00e1rio com a comunidade, ou seja, reconhecer o verdadeiro papel de um museu dentro na cidade\u201d, adiantou Nilcin\u00e9ia.<\/p>\n<div><\/div>\n<div>A abertura ocorreu \u00e0s 15h, em conformidade com as orienta\u00e7\u00f5es do Sistema Nacional de Museus, e contou com a presen\u00e7a de representantes das classes art\u00edstica, empresarial, educacional, al\u00e9m de membros da imprensa local, pioneiros e p\u00fablico em geral.<\/p>\n<div><\/div>\n<div>De acordo com dados divulgados pelo Instituto Brasileiro de Museus (Ibram), respons\u00e1vel pela cria\u00e7\u00e3o da Semana Nacional dos Museus, este ano 1.252 institui\u00e7\u00f5es de 535 munic\u00edpios aderiram ao movimento.<\/p>\n<div><\/div>\n<div>Programa\u00e7\u00e3o especial<\/div>\n<div><\/div>\n<div>Durante a abertura do evento na cidade de Ipatinga, o m\u00fasico ipatinguense Anderson Nazareth realizou um show que com repert\u00f3rio composto de cl\u00e1ssicos nacionais e internacionais. Al\u00e9m de composi\u00e7\u00f5es pr\u00f3prias, o artista interpretou grandes nomes, como Carole King, Chico Buarque, Dori Caymmi, Vin\u00edcius de Moraes entre outros.<\/p>\n<div><\/div>\n<div>A Esta\u00e7\u00e3o Mem\u00f3ria tamb\u00e9m recebeu duas exposi\u00e7\u00f5es do jornalista e fot\u00f3grafo, Nilmar Lage, que ficar\u00e3o \u00e0 mostra at\u00e9 o final desta semana.<\/p>\n<div><\/div>\n<div>Em \u201cRecortes Di\u00e1rios\u201d, o expositor revela uma verdadeira \u201cpoesia di\u00e1ria\u201d atrav\u00e9s de cr\u00f4nicas e fotos, que expressam a arte de um fotojornalista atento \u00e0s quest\u00f5es do cotidiano.<\/p>\n<div><\/div>\n<div>Em \u201cMergulhos\u201d, Nilmar Lage trata da rela\u00e7\u00e3o do homem com a \u00e1gua, atrav\u00e9s de um acervo fotogr\u00e1fico produzido \u00e0 beira do Capibaribe (guia Recife\/Estado de PE), que j\u00e1 foi considerado um dos polu\u00eddos do Brasil e do ribeir\u00e3o Calad\u00e3o (Coronel Fabriciano\/MG), um importante afluente do rio Piracicaba que recebia, at\u00e9 em 2011, esgoto in natura de quase 75% da popula\u00e7\u00e3o. A exposi\u00e7\u00e3o revela a intera\u00e7\u00e3o f\u00edsica e incoerente de uma gera\u00e7\u00e3o futura com dois rios praticamente mortos.<\/p>\n<div><\/div>\n<div>Para encerrar a programa\u00e7\u00e3o da 11\u00aa Semana Nacional dos Museus, no dia 17 de maio (sexta-feira), a arquiteta, Carla Paoliello vai ministrar uma palestra sobre revitaliza\u00e7\u00e3o dos espa\u00e7os p\u00fablicos, entre 18h e 19h. O evento tem entrada franca, sendo direcionado ao p\u00fablico em geral.<\/p>\n<div><\/div>\n<div>Esta\u00e7\u00e3o Mem\u00f3ria Zeza Souto<\/p>\n<div><\/div>\n<div>Dentre os 16 bens tombados como patrim\u00f4nio hist\u00f3rico e cultural de Ipatinga, a Esta\u00e7\u00e3o Mem\u00f3ria, que j\u00e1 funcionou como esta\u00e7\u00e3o ferrovi\u00e1ria e depois como escola p\u00fablica, \u00e9 hoje o principal museu que abriga documentos e sedia atividades culturais no munic\u00edpio.Instalada no centro do lugarejo que passaria a ser a cidade de Ipatinga, foi constru\u00edda em 1930 e permitiu a chegada dos primeiros habitantes para a regi\u00e3o. Desta mesma esta\u00e7\u00e3o, era despachado o carv\u00e3o mineral para abastecer os alto-fornos da Belgo Mineira em Jo\u00e3o Monlevade e Sabar\u00e1. O embarque de passageiros foi, por muito tempo, o \u00fanico meio de transporte regular para atender aos moradores do pequeno aglomerado. Permaneceu em funcionamento at\u00e9 1950, quando por quest\u00f5es t\u00e9cnicas, o percurso da ferrovia foi alterado.<\/p>\n<p>Devido a sua import\u00e2ncia e representa\u00e7\u00e3o hist\u00f3rica, a Esta\u00e7\u00e3o Ferrovi\u00e1ria de Ipatinga foi tombada pelo Decreto N\u00ba 1.442, de 30 de dezembro de 1981. Em 1991, a Esta\u00e7\u00e3o foi restaurada, numa parceria entre a Prefeitura de Ipatinga e a Companhia Vale do Rio Doce. Foi inaugurada em 29 de dezembro de 1992 e aberta ao p\u00fablico em 19 de abril de 1993, como espa\u00e7o cultural.<\/p>\n<p>A partir de 2006, em homenagem ao primeiro bilheteiro da antiga esta\u00e7\u00e3o ferrovi\u00e1ria de Ipatinga, de Esta\u00e7\u00e3o Mem\u00f3ria Tom Jobim, passou se chamar Esta\u00e7\u00e3o Mem\u00f3ria Zeza Souto, por meio do projeto de Lei n\u00b067\/2006.<\/p>\n<p>Atualmente, abriga parte do acervo documental da cidade, possui um espa\u00e7o para exposi\u00e7\u00f5es de artes pl\u00e1sticas e artesanatos, denominada \u201cGaleria Permanente das Artes\u201d. Seu espa\u00e7o externo \u00e9 utilizado como palco para realiza\u00e7\u00e3o de projetos culturais e recebe atividades art\u00edsticas durante todo o ano.<\/p>\n<p>Acompanhando a pol\u00edtica nacional, a unidade foi cadastrada no Instituto Brasileiro de Museus (Ibram) e passou a realizar atividades em tempo simult\u00e2neo com todos os museus do pa\u00eds.<\/p>\n<\/div>\n<div><\/div>\n<div><em>Fonte: Prefeitura Municipal de Ipatinga<\/em><\/div>\n","protected":false},"excerpt":{"rendered":"<p>A Prefeitura Municipal de Ipatinga realizou, na tarde desta segunda-feira (13), a abertura oficial da 11\u00aa Semana Nacional dos Museus, nas depend\u00eancias da Esta\u00e7\u00e3o Mem\u00f3ria. Sob o tema Museus (Mem\u00f3ria + Criatividade) = Mudan\u00e7a, a Secretaria de Cultura, Esporte e Lazer desenvolveu uma s\u00e9rie atividades culturais, com o objetivo de incentivar a visita\u00e7\u00e3o aos antiqu\u00e1rios [&hellip;]<\/p>\n","protected":false},"author":1,"featured_media":0,"comment_status":"open","ping_status":"open","sticky":false,"template":"","format":"standard","meta":{"footnotes":""},"categories":[5,6,8],"tags":[15],"class_list":["post-516","post","type-post","status-publish","format-standard","hentry","category-eventos","category-noticias","category-servicos","tag-ipatinga"],"_links":{"self":[{"href":"https:\/\/www.encontraipatinga.com.br\/noticias\/wp-json\/wp\/v2\/posts\/516","targetHints":{"allow":["GET"]}}],"collection":[{"href":"https:\/\/www.encontraipatinga.com.br\/noticias\/wp-json\/wp\/v2\/posts"}],"about":[{"href":"https:\/\/www.encontraipatinga.com.br\/noticias\/wp-json\/wp\/v2\/types\/post"}],"author":[{"embeddable":true,"href":"https:\/\/www.encontraipatinga.com.br\/noticias\/wp-json\/wp\/v2\/users\/1"}],"replies":[{"embeddable":true,"href":"https:\/\/www.encontraipatinga.com.br\/noticias\/wp-json\/wp\/v2\/comments?post=516"}],"version-history":[{"count":7,"href":"https:\/\/www.encontraipatinga.com.br\/noticias\/wp-json\/wp\/v2\/posts\/516\/revisions"}],"predecessor-version":[{"id":730,"href":"https:\/\/www.encontraipatinga.com.br\/noticias\/wp-json\/wp\/v2\/posts\/516\/revisions\/730"}],"wp:attachment":[{"href":"https:\/\/www.encontraipatinga.com.br\/noticias\/wp-json\/wp\/v2\/media?parent=516"}],"wp:term":[{"taxonomy":"category","embeddable":true,"href":"https:\/\/www.encontraipatinga.com.br\/noticias\/wp-json\/wp\/v2\/categories?post=516"},{"taxonomy":"post_tag","embeddable":true,"href":"https:\/\/www.encontraipatinga.com.br\/noticias\/wp-json\/wp\/v2\/tags?post=516"}],"curies":[{"name":"wp","href":"https:\/\/api.w.org\/{rel}","templated":true}]}}