{"id":500,"date":"2013-05-03T00:01:59","date_gmt":"2013-05-03T03:01:59","guid":{"rendered":"http:\/\/www.encontraipatinga.com.br\/noticias\/?p=500"},"modified":"2013-08-19T09:37:07","modified_gmt":"2013-08-19T12:37:07","slug":"iamg-questiona-uso-de-sacolas-plasticas-em-ipatinga","status":"publish","type":"post","link":"https:\/\/www.encontraipatinga.com.br\/noticias\/iamg-questiona-uso-de-sacolas-plasticas-em-ipatinga\/","title":{"rendered":"Iamg questiona uso de sacolas pl\u00e1sticas em Ipatinga"},"content":{"rendered":"<p>O Instituto dos Advogados do Estado de Minas Gerais (Iamg) considerou positivo o resultado do debate convocado para discutir os efeitos da lei revogadora que permitiu o retorno do uso das sacolas pl\u00e1sticas no com\u00e9rcio de Ipatinga. O evento na cidade de Ipatinga levou ao plen\u00e1rio da C\u00e2mara Municipal representantes de v\u00e1rios segmentos da sociedade.<\/p>\n<p>Na opini\u00e3o do presidente da Seccional Vale do A\u00e7o do Iamg, advogado Jorge Ferreira Filho, o poder p\u00fablico, ao permitir o retorno das sacolas pl\u00e1sticas, teria de se responsabilizar pela ado\u00e7\u00e3o de mecanismos capazes de evitar que essa pr\u00e1tica n\u00e3o atinja o meio ambiente.<br \/>\nSegundo ele, a mesa-redonda formada em torno do assunto foi bastante prof\u00edcua. Dentre os destaques, ele pontuou a presen\u00e7a do ex-vereador C\u00e9sar Cust\u00f3dio, que revelou as press\u00f5es que sofreu, inclusive amea\u00e7as contra a sua pessoa, para n\u00e3o levar adiante a proposta de aprova\u00e7\u00e3o da antiga lei proibitiva ao uso das sacolas.<\/p>\n<p>Por sua vez, a advogada Josiane Wendt destacou a iminente possibilidade de uma lei federal vir a regular a mat\u00e9ria em todo o territ\u00f3rio nacional. Ela apresentou um resumo de v\u00e1rios projetos de lei em tr\u00e2mite no Congresso Nacional relacionados a esse tema.<\/p>\n<p>O vereador Roberto Carlos atribuiu a mudan\u00e7a de postura dos vereadores ao argumento que a lei proibitiva \u00e0s sacolas foi rejeitada pela popula\u00e7\u00e3o, acrescentando que cabe \u00e0 edilidade fazer valer a vontade do povo. No entanto, Francisco Gabriel, representando o Instituto Tr\u00e2nsito Seguro, argumentou que a defesa do meio ambiente traduz a defesa da pr\u00f3pria vida, e isso se sobrep\u00f5e ao direito do consumidor.<\/p>\n<p>J\u00e1 Maria do Ros\u00e1rio Bretas de Assis enfocou o assunto sob a \u00f3tica da ind\u00fastria de sacolas pl\u00e1sticas. Segundo ela, muitas sacolas que ostentam a indica\u00e7\u00e3o \u201cbiodegrad\u00e1vel\u201d, n\u00e3o t\u00eam essa propriedade.<\/p>\n<p>O advogado J\u00e9sus Nascimento encerrou o evento entusiasmando a todos no sentido de prosseguir com a ideia de formula\u00e7\u00e3o de sugest\u00f5es para melhorar a qualidade de vida da comunidade ipatinguense. \u201cNesse contexto, antes mesmo que, no caso das sacolas pl\u00e1sticas, o assunto venha a ser disciplinado por lei federal, a comunidade ipatinguense poderia dar um bom exemplo se antecipando a essa situa\u00e7\u00e3o\u201d, comparou.<\/p>\n<p><em>Fonte: Di\u00e1rio do A\u00e7o<\/em><\/p>\n","protected":false},"excerpt":{"rendered":"<p>O Instituto dos Advogados do Estado de Minas Gerais (Iamg) considerou positivo o resultado do debate convocado para discutir os efeitos da lei revogadora que permitiu o retorno do uso das sacolas pl\u00e1sticas no com\u00e9rcio de Ipatinga. O evento na cidade de Ipatinga levou ao plen\u00e1rio da C\u00e2mara Municipal representantes de v\u00e1rios segmentos da sociedade. [&hellip;]<\/p>\n","protected":false},"author":1,"featured_media":0,"comment_status":"open","ping_status":"open","sticky":false,"template":"","format":"standard","meta":{"footnotes":""},"categories":[6,8],"tags":[15],"class_list":["post-500","post","type-post","status-publish","format-standard","hentry","category-noticias","category-servicos","tag-ipatinga"],"_links":{"self":[{"href":"https:\/\/www.encontraipatinga.com.br\/noticias\/wp-json\/wp\/v2\/posts\/500","targetHints":{"allow":["GET"]}}],"collection":[{"href":"https:\/\/www.encontraipatinga.com.br\/noticias\/wp-json\/wp\/v2\/posts"}],"about":[{"href":"https:\/\/www.encontraipatinga.com.br\/noticias\/wp-json\/wp\/v2\/types\/post"}],"author":[{"embeddable":true,"href":"https:\/\/www.encontraipatinga.com.br\/noticias\/wp-json\/wp\/v2\/users\/1"}],"replies":[{"embeddable":true,"href":"https:\/\/www.encontraipatinga.com.br\/noticias\/wp-json\/wp\/v2\/comments?post=500"}],"version-history":[{"count":3,"href":"https:\/\/www.encontraipatinga.com.br\/noticias\/wp-json\/wp\/v2\/posts\/500\/revisions"}],"predecessor-version":[{"id":661,"href":"https:\/\/www.encontraipatinga.com.br\/noticias\/wp-json\/wp\/v2\/posts\/500\/revisions\/661"}],"wp:attachment":[{"href":"https:\/\/www.encontraipatinga.com.br\/noticias\/wp-json\/wp\/v2\/media?parent=500"}],"wp:term":[{"taxonomy":"category","embeddable":true,"href":"https:\/\/www.encontraipatinga.com.br\/noticias\/wp-json\/wp\/v2\/categories?post=500"},{"taxonomy":"post_tag","embeddable":true,"href":"https:\/\/www.encontraipatinga.com.br\/noticias\/wp-json\/wp\/v2\/tags?post=500"}],"curies":[{"name":"wp","href":"https:\/\/api.w.org\/{rel}","templated":true}]}}