{"id":467,"date":"2013-04-05T00:01:36","date_gmt":"2013-04-05T03:01:36","guid":{"rendered":"http:\/\/www.encontraipatinga.com.br\/noticias\/?p=467"},"modified":"2013-08-19T09:37:11","modified_gmt":"2013-08-19T12:37:11","slug":"domingo-de-festa-no-parque-ipanema-em-ipatinga","status":"publish","type":"post","link":"https:\/\/www.encontraipatinga.com.br\/noticias\/domingo-de-festa-no-parque-ipanema-em-ipatinga\/","title":{"rendered":"Domingo de festa no Parque Ipanema, em Ipatinga"},"content":{"rendered":"<p>Ipatinga est\u00e1 em clima de festa para comemorar mais um ano de vida. Em seu 49\u00b0 anivers\u00e1rio, preparou uma programa\u00e7\u00e3o intensa de atividades, que come\u00e7am no in\u00edcio de abril e marcam os 49 anos de emancipa\u00e7\u00e3o pol\u00edtica e administrativa do munic\u00edpio.<\/p>\n<p>No primeiro domingo do m\u00eas (07\/04), o Parque Ipanema ser\u00e1 palco de atividades esportivo-culturais durante todo o dia. Entre 8h e 12h, acontece a &#8220;Run for Parkinson&#8221;, em comemora\u00e7\u00e3o ao Dia Mundial da Sa\u00fade. O evento na cidade de Ipatinga \u00e9 uma realiza\u00e7\u00e3o do Grupo de Apoio ao Parksoniano de Ipatinga \/ MG &#8211; GRAP, com apoio da PMI e Rotarys de Ipatinga.<\/p>\n<p>Al\u00e9m da corrida\/caminhada, a programa\u00e7\u00e3o contar\u00e1 com apresenta\u00e7\u00e3o musical, oficinas de sa\u00fade, dentre outras atividades.<\/p>\n<p>A corrida\/caminhada tem como objetivo percorrer simbolicamente a volta ao mundo e foi organizada, pela primeira vez, pela Associa\u00e7\u00e3o Portuguesa de Doentes de Parkinson (APDPk), em 2010. Desde ent\u00e3o, ocorre anualmente no m\u00eas de abril.<\/p>\n<p>Teatro no parque<\/p>\n<p>Tr\u00eas apresenta\u00e7\u00f5es teatrais tamb\u00e9m v\u00e3o animar o domingo das fam\u00edlias que estiverem no parque. A s\u00e9rie de espet\u00e1culos faz parte do projeto \u201cCircuito Usiminas de Cultura\u201d, uma iniciativa do\u00a0Instituto Cultural Usiminas, com apoio da PMI, que visa levar atividades de qualidade para a comunidade local e seu entorno.<\/p>\n<p>As apresenta\u00e7\u00f5es fazem parte da programa\u00e7\u00e3o de anivers\u00e1rio da cidade e quem gosta de teatro, poder\u00e1 conferir o primeiro espet\u00e1culo \u00e0s 9h, quando o Grupo Galp\u00e3o Cine Horto vai encenar a pe\u00e7a &#8220;Manga Mangueira, Meu P\u00e9 de Brincadeira&#8221;. A trama se desenvolve em torno de uma bela mangueira, onde uma menina, um menino e um macaco mergulham em uma divertida aventura, aprendendo a usar e reciclar os bens que a natureza oferece.<\/p>\n<p>\u00c0s 11h, o p\u00fablico ir\u00e1 se emocionar com a vers\u00e3o teatral da Cia. Pierrot Lunar para o conto hom\u00f4nimo de An\u00edbal Machado. Em \u201cAcontecimento em Vila Feliz\u201d, o p\u00fablico vai conferir a hist\u00f3ria de uma fict\u00edcia vila mineira, que se v\u00ea \u00e0s voltas com a suposta gravidez de uma de suas personagens mais ilustres e controversas: Helena. A jovem bonita e sedutora, amada pelos homens da cidade e invejada pelas mulheres, casa-se com um forasteiro, gerando intrigas e maledic\u00eancias por parte dos moradores, transformando sua vida num caos irrevers\u00edvel.<\/p>\n<p>Finalizando a programa\u00e7\u00e3o domingueira, \u00e0s 15h, a programa\u00e7\u00e3o fica por conta do Grupo Galp\u00e3o Cine Horto. Em \u201cO Santo e A Porca\u201d, Ariano Suassuna narra a hist\u00f3ria de Seu Euric\u00e3o \u00c1rabe, um velho fazendeiro do interior do Estado de Pernambuco, homem de grande avareza. Devoto de Santo Ant\u00f4nio, ele mant\u00e9m em casa, sob constante vigil\u00e2ncia, uma porca recheada com dinheiro, guardado de toda uma vida. Quando recebe a not\u00edcia da visita de um rico fazendeiro vizinho, pressente que este vem atr\u00e1s de seu tesouro. Enlouquecido pelo terror de ser &#8220;roubado&#8221; deixa-se levar pelas artimanhas de sua empregada, Caroba, que articula poderosas manobras e cria uma rede envolvente ao seu redor.<\/p>\n<p>Todas as atividades s\u00e3o abertas ao p\u00fablico e com entrada franca. Confira a programa\u00e7\u00e3o e participe.<\/p>\n<p><strong>Servi\u00e7o<\/strong><\/p>\n<p>Data: 07 de abril (domingo)<br \/>\nLocal:\u00a0Parque Ipanema<br \/>\nEndere\u00e7o:\u00a0Av. Roberto Burle Marx, s\/n &#8211;\u00a0 Jd Panorama &#8211; Ipatinga<\/p>\n<p>&#8220;Run for Parkinson&#8221;<br \/>\nHor\u00e1rio:\u00a08h \u00e0s 12h<\/p>\n<p>Espet\u00e1culo &#8220;Manga Mangueira, Meu P\u00e9 de Brincadeira&#8221; &#8211; Galp\u00e3o Cine Horto<br \/>\nHor\u00e1rio:\u00a09h<\/p>\n<p>Espet\u00e1culo &#8220;Acontecimento em Vila Feliz&#8221; \u2013 Cia Pierrot Lunar<br \/>\nHor\u00e1rio:\u00a011h<\/p>\n<p>Espet\u00e1culo &#8220;O santo e a Porca&#8221; \u2013 Galp\u00e3o Cine Horto<br \/>\nHor\u00e1rio:\u00a015h<\/p>\n<p><em>Fonte: Prefeitura Municipal de Ipatinga<\/em><\/p>\n","protected":false},"excerpt":{"rendered":"<p>Ipatinga est\u00e1 em clima de festa para comemorar mais um ano de vida. Em seu 49\u00b0 anivers\u00e1rio, preparou uma programa\u00e7\u00e3o intensa de atividades, que come\u00e7am no in\u00edcio de abril e marcam os 49 anos de emancipa\u00e7\u00e3o pol\u00edtica e administrativa do munic\u00edpio. No primeiro domingo do m\u00eas (07\/04), o Parque Ipanema ser\u00e1 palco de atividades esportivo-culturais [&hellip;]<\/p>\n","protected":false},"author":1,"featured_media":0,"comment_status":"open","ping_status":"open","sticky":false,"template":"","format":"standard","meta":{"footnotes":""},"categories":[5,6,8],"tags":[15],"class_list":["post-467","post","type-post","status-publish","format-standard","hentry","category-eventos","category-noticias","category-servicos","tag-ipatinga"],"_links":{"self":[{"href":"https:\/\/www.encontraipatinga.com.br\/noticias\/wp-json\/wp\/v2\/posts\/467","targetHints":{"allow":["GET"]}}],"collection":[{"href":"https:\/\/www.encontraipatinga.com.br\/noticias\/wp-json\/wp\/v2\/posts"}],"about":[{"href":"https:\/\/www.encontraipatinga.com.br\/noticias\/wp-json\/wp\/v2\/types\/post"}],"author":[{"embeddable":true,"href":"https:\/\/www.encontraipatinga.com.br\/noticias\/wp-json\/wp\/v2\/users\/1"}],"replies":[{"embeddable":true,"href":"https:\/\/www.encontraipatinga.com.br\/noticias\/wp-json\/wp\/v2\/comments?post=467"}],"version-history":[{"count":3,"href":"https:\/\/www.encontraipatinga.com.br\/noticias\/wp-json\/wp\/v2\/posts\/467\/revisions"}],"predecessor-version":[{"id":714,"href":"https:\/\/www.encontraipatinga.com.br\/noticias\/wp-json\/wp\/v2\/posts\/467\/revisions\/714"}],"wp:attachment":[{"href":"https:\/\/www.encontraipatinga.com.br\/noticias\/wp-json\/wp\/v2\/media?parent=467"}],"wp:term":[{"taxonomy":"category","embeddable":true,"href":"https:\/\/www.encontraipatinga.com.br\/noticias\/wp-json\/wp\/v2\/categories?post=467"},{"taxonomy":"post_tag","embeddable":true,"href":"https:\/\/www.encontraipatinga.com.br\/noticias\/wp-json\/wp\/v2\/tags?post=467"}],"curies":[{"name":"wp","href":"https:\/\/api.w.org\/{rel}","templated":true}]}}