{"id":459,"date":"2013-04-03T00:01:29","date_gmt":"2013-04-03T03:01:29","guid":{"rendered":"http:\/\/www.encontraipatinga.com.br\/noticias\/?p=459"},"modified":"2013-08-19T09:37:06","modified_gmt":"2013-08-19T12:37:06","slug":"encontro-discute-implantacao-de-cia-provisorio-em-ipatinga","status":"publish","type":"post","link":"https:\/\/www.encontraipatinga.com.br\/noticias\/encontro-discute-implantacao-de-cia-provisorio-em-ipatinga\/","title":{"rendered":"Encontro discute implanta\u00e7\u00e3o de CIA provis\u00f3rio em Ipatinga"},"content":{"rendered":"<p>A Ag\u00eancia de Desenvolvimento da Regi\u00e3o Metropolitana do Vale do A\u00e7o (ARMVA) sediou, na manh\u00e3 de segunda-feira, encontro para discutir a instala\u00e7\u00e3o de um Centro de Interna\u00e7\u00e3o de Adolescentes (CIA) Provis\u00f3rio em Ipatinga. Lideran\u00e7as de diversos segmentos organizados tentar\u00e3o, nos pr\u00f3ximos dias, levantar recursos para a libera\u00e7\u00e3o do im\u00f3vel na cidade de Ipatinga, onde funciona atualmente a Associa\u00e7\u00e3o Rios de \u00c1gua Viva, que abrigaria o centro. A exig\u00eancia para deixar o local foi feita pelo presidente e fundador da entidade, Fernando Janu\u00e1rio, que destacou\u00a0 a necessidade de receber ajuda financeira para a conclus\u00e3o das obras do bloco 1 da sede da entidade, localizada em Coronel Fabriciano.<\/p>\n<p>Conforme o presidente do Consep 1, da \u00e1rea central de Ipatinga, G\u00e9rson Paulino, o munic\u00edpio chegou a anunciar que iria formalizar um conv\u00eanio com a entidade que trabalha na recupera\u00e7\u00e3o de dependentes qu\u00edmicos. O que, em sua avalia\u00e7\u00e3o, esbarrar\u00e1 na legalidade e travar\u00e1 o processo de transfer\u00eancia da Associa\u00e7\u00e3o Rios de \u00c1gua Viva para Fabriciano. Segundo explicou o dirigente, j\u00e1 houve a garantia do governo do Estado de Minas Gerais em rela\u00e7\u00e3o aos recursos para adequa\u00e7\u00e3o do local para o CIA Provis\u00f3rio.<\/p>\n<p>O presidente da Federa\u00e7\u00e3o das Associa\u00e7\u00f5es Comerciais de Minas Gerais (Federaminas), Wander Lu\u00eds, entende que o resultado do encontro foi satisfat\u00f3rio. Na sua avalia\u00e7\u00e3o, ficou demonstrada a uni\u00e3o de v\u00e1rios segmentos em torno da resolu\u00e7\u00e3o de um problema que traz preju\u00edzos para toda a popula\u00e7\u00e3o. Wander Lu\u00eds lembrou que parte dos recursos j\u00e1 foi assegurada na reuni\u00e3o de ontem, acrescentando que a Federaminas ir\u00e1 trabalhar com as entidades filiadas para contribuir com esta causa.<\/p>\n<p>Olho Vivo<\/p>\n<p>O diretor-geral da Ag\u00eancia de Desenvolvimento da RMVA, Thales Rezende, depois de explicar que a adequa\u00e7\u00e3o do local para o CIA Provis\u00f3rio \u00e9 emergencial, confirmou que o Estado aguarda a transfer\u00eancia dos internos da Associa\u00e7\u00e3o Rios de \u00c1gua Viva.\u00a0Ele antecipou ainda que, no pr\u00f3ximo dia 5, secret\u00e1rios de Estado vir\u00e3o a Ipatinga para tratar de assuntos relacionados \u00e0 seguran\u00e7a p\u00fablica, entre eles o programa Olho Vivo e o Centro de Interna\u00e7\u00e3o de Adolescentes.<\/p>\n<p>Luciano Ara\u00fajo, presidente da Federa\u00e7\u00e3o das Ind\u00fastrias de Minas Gerais (Fiemg) Regional Vale do A\u00e7o, tamb\u00e9m analisou positivamente o encontro. \u201cParticipar de uma reuni\u00e3o como essa, com pessoas altamente comprometidas com quest\u00f5es que afetam a nossa sociedade \u00e9 bastante satisfat\u00f3rio\u201d, disse Luciano, que j\u00e1 confirmou a participa\u00e7\u00e3o da Fiemg no pr\u00f3ximo encontro, agendado paras o dia 15, quando espera uma solu\u00e7\u00e3o definitiva para o problema.<\/p>\n<p><em>Fonte: Di\u00e1rio do A\u00e7o<\/em><\/p>\n","protected":false},"excerpt":{"rendered":"<p>A Ag\u00eancia de Desenvolvimento da Regi\u00e3o Metropolitana do Vale do A\u00e7o (ARMVA) sediou, na manh\u00e3 de segunda-feira, encontro para discutir a instala\u00e7\u00e3o de um Centro de Interna\u00e7\u00e3o de Adolescentes (CIA) Provis\u00f3rio em Ipatinga. Lideran\u00e7as de diversos segmentos organizados tentar\u00e3o, nos pr\u00f3ximos dias, levantar recursos para a libera\u00e7\u00e3o do im\u00f3vel na cidade de Ipatinga, onde funciona [&hellip;]<\/p>\n","protected":false},"author":1,"featured_media":0,"comment_status":"open","ping_status":"open","sticky":false,"template":"","format":"standard","meta":{"footnotes":""},"categories":[6,8],"tags":[15],"class_list":["post-459","post","type-post","status-publish","format-standard","hentry","category-noticias","category-servicos","tag-ipatinga"],"_links":{"self":[{"href":"https:\/\/www.encontraipatinga.com.br\/noticias\/wp-json\/wp\/v2\/posts\/459","targetHints":{"allow":["GET"]}}],"collection":[{"href":"https:\/\/www.encontraipatinga.com.br\/noticias\/wp-json\/wp\/v2\/posts"}],"about":[{"href":"https:\/\/www.encontraipatinga.com.br\/noticias\/wp-json\/wp\/v2\/types\/post"}],"author":[{"embeddable":true,"href":"https:\/\/www.encontraipatinga.com.br\/noticias\/wp-json\/wp\/v2\/users\/1"}],"replies":[{"embeddable":true,"href":"https:\/\/www.encontraipatinga.com.br\/noticias\/wp-json\/wp\/v2\/comments?post=459"}],"version-history":[{"count":4,"href":"https:\/\/www.encontraipatinga.com.br\/noticias\/wp-json\/wp\/v2\/posts\/459\/revisions"}],"predecessor-version":[{"id":644,"href":"https:\/\/www.encontraipatinga.com.br\/noticias\/wp-json\/wp\/v2\/posts\/459\/revisions\/644"}],"wp:attachment":[{"href":"https:\/\/www.encontraipatinga.com.br\/noticias\/wp-json\/wp\/v2\/media?parent=459"}],"wp:term":[{"taxonomy":"category","embeddable":true,"href":"https:\/\/www.encontraipatinga.com.br\/noticias\/wp-json\/wp\/v2\/categories?post=459"},{"taxonomy":"post_tag","embeddable":true,"href":"https:\/\/www.encontraipatinga.com.br\/noticias\/wp-json\/wp\/v2\/tags?post=459"}],"curies":[{"name":"wp","href":"https:\/\/api.w.org\/{rel}","templated":true}]}}