{"id":453,"date":"2013-04-01T00:01:28","date_gmt":"2013-04-01T03:01:28","guid":{"rendered":"http:\/\/www.encontraipatinga.com.br\/noticias\/?p=453"},"modified":"2013-08-19T09:37:06","modified_gmt":"2013-08-19T12:37:06","slug":"procon-de-ipatinga-estara-ligado-a-nova-secretaria","status":"publish","type":"post","link":"https:\/\/www.encontraipatinga.com.br\/noticias\/procon-de-ipatinga-estara-ligado-a-nova-secretaria\/","title":{"rendered":"Procon de Ipatinga estar\u00e1 ligado a nova Secretaria"},"content":{"rendered":"<p>Criado no in\u00edcio dos anos 90, logo ap\u00f3s a publica\u00e7\u00e3o do C\u00f3digo de Defesa do Consumidor, institu\u00eddo no pa\u00eds pela Lei 8.078, de 11 de setembro de 1990, o Programa Municipal de Prote\u00e7\u00e3o e Defesa do Consumidor (Procon) de Ipatinga, um dos primeiros de Minas Gerais, vai ser vinculado nos pr\u00f3ximos dias \u00e0 futura Secretaria Municipal de Seguran\u00e7a e Conviv\u00eancia Cidad\u00e3. O titular da rec\u00e9m-criada pasta e atual vice-prefeito, coronel Alfredo Ramalho, toma posse hoje (01), em solenidade marcada para as 14h30, no audit\u00f3rio da PMI.<\/p>\n<p>Na reforma administrativa da prefeitura, aprovada pela C\u00e2mara Municipal, o Procon se desliga da Procuradoria Geral. Nos \u00faltimos anos, as reclama\u00e7\u00f5es mais comuns registradas no \u00f3rg\u00e3o est\u00e3o relacionadas \u00e0 presta\u00e7\u00e3o de servi\u00e7os na cidade de Ipatinga (telefonia celular), aquisi\u00e7\u00e3o de produtos (eletr\u00f4nicos, m\u00f3veis, eletrodom\u00e9sticos, etc) e empr\u00e9stimos consignados. Em 2011 foram registrados 996 processos no Procon de Ipatinga e no ano passado, 972, sendo que a grande maioria foi solucionada ou encaminhada para concilia\u00e7\u00e3o na Justi\u00e7a comum. Apenas nos dois primeiros meses de 2013 j\u00e1 s\u00e3o 86 processos registrados, entre aqueles atendidos, n\u00e3o atendidos ou julgados improcedentes pela equipe de advogados que atuam na intermedia\u00e7\u00e3o das rela\u00e7\u00f5es entre consumidor e fornecedor.<\/p>\n<p>\u201cEm geral, os consumidores est\u00e3o mais conscientes, mas ainda h\u00e1 aqueles que precisam de uma orienta\u00e7\u00e3o apurada. Por outro lado, as lojas e fabricantes est\u00e3o cada vez mais competitivos na fideliza\u00e7\u00e3o de seus clientes, e passam a dar melhores condi\u00e7\u00f5es para os consumidores\u201d, analisa Guido Leal, respons\u00e1vel pelo \u00f3rg\u00e3o.<\/p>\n<p>O coordenador do Procon de Ipatinga avalia que o consumidor \u00e9 a \u201cparte mais fraca da rela\u00e7\u00e3o de consumo e, portanto, necessita de uma tutela especial\u201d. \u201cEste posicionamento \u00e9 reconhecido pela Constitui\u00e7\u00e3o Federal, ao declarar que o Estado promover\u00e1 a defesa do consumidor\u201d, refor\u00e7a Guido Leal, que apoia as medidas anunciadas na \u00faltima semana pela presidenta Dilma Rousseff, em comemora\u00e7\u00e3o ao Dia Mundial do Consumidor, com a finalidade de fortalecer a atua\u00e7\u00e3o dos Procons municipais.<\/p>\n<p><strong>Servi\u00e7o<\/strong><\/p>\n<p>O Procon de Ipatinga funciona na rua Diamantina, n\u00ba 71, sala 7, ao lado do camel\u00f3dromo, no Centro. O atendimento \u00e0 popula\u00e7\u00e3o \u00e9 feito de segunda a sexta-feira, de 12h \u00e0s 17h. Mais informa\u00e7\u00f5es podem ser obtidas pelo telefone 3829-8444.<\/p>\n<p><em>Fonte: JVA Online<\/em><\/p>\n","protected":false},"excerpt":{"rendered":"<p>Criado no in\u00edcio dos anos 90, logo ap\u00f3s a publica\u00e7\u00e3o do C\u00f3digo de Defesa do Consumidor, institu\u00eddo no pa\u00eds pela Lei 8.078, de 11 de setembro de 1990, o Programa Municipal de Prote\u00e7\u00e3o e Defesa do Consumidor (Procon) de Ipatinga, um dos primeiros de Minas Gerais, vai ser vinculado nos pr\u00f3ximos dias \u00e0 futura Secretaria [&hellip;]<\/p>\n","protected":false},"author":1,"featured_media":0,"comment_status":"open","ping_status":"open","sticky":false,"template":"","format":"standard","meta":{"footnotes":""},"categories":[6,8],"tags":[15],"class_list":["post-453","post","type-post","status-publish","format-standard","hentry","category-noticias","category-servicos","tag-ipatinga"],"_links":{"self":[{"href":"https:\/\/www.encontraipatinga.com.br\/noticias\/wp-json\/wp\/v2\/posts\/453","targetHints":{"allow":["GET"]}}],"collection":[{"href":"https:\/\/www.encontraipatinga.com.br\/noticias\/wp-json\/wp\/v2\/posts"}],"about":[{"href":"https:\/\/www.encontraipatinga.com.br\/noticias\/wp-json\/wp\/v2\/types\/post"}],"author":[{"embeddable":true,"href":"https:\/\/www.encontraipatinga.com.br\/noticias\/wp-json\/wp\/v2\/users\/1"}],"replies":[{"embeddable":true,"href":"https:\/\/www.encontraipatinga.com.br\/noticias\/wp-json\/wp\/v2\/comments?post=453"}],"version-history":[{"count":4,"href":"https:\/\/www.encontraipatinga.com.br\/noticias\/wp-json\/wp\/v2\/posts\/453\/revisions"}],"predecessor-version":[{"id":650,"href":"https:\/\/www.encontraipatinga.com.br\/noticias\/wp-json\/wp\/v2\/posts\/453\/revisions\/650"}],"wp:attachment":[{"href":"https:\/\/www.encontraipatinga.com.br\/noticias\/wp-json\/wp\/v2\/media?parent=453"}],"wp:term":[{"taxonomy":"category","embeddable":true,"href":"https:\/\/www.encontraipatinga.com.br\/noticias\/wp-json\/wp\/v2\/categories?post=453"},{"taxonomy":"post_tag","embeddable":true,"href":"https:\/\/www.encontraipatinga.com.br\/noticias\/wp-json\/wp\/v2\/tags?post=453"}],"curies":[{"name":"wp","href":"https:\/\/api.w.org\/{rel}","templated":true}]}}