{"id":443,"date":"2013-03-25T00:01:49","date_gmt":"2013-03-25T03:01:49","guid":{"rendered":"http:\/\/www.encontraipatinga.com.br\/noticias\/?p=443"},"modified":"2013-08-19T09:37:10","modified_gmt":"2013-08-19T12:37:10","slug":"negocios-formalizados-aumentam-em-ipatinga","status":"publish","type":"post","link":"https:\/\/www.encontraipatinga.com.br\/noticias\/negocios-formalizados-aumentam-em-ipatinga\/","title":{"rendered":"Neg\u00f3cios formalizados aumentam em Ipatinga"},"content":{"rendered":"<p>Um levantamento feito pelo Sebrae Minas aponta que o munic\u00edpio j\u00e1 possui 3.977 microempreendedores individuais formalizados. O estudo mostra que, somente em janeiro e fevereiro deste ano, mais de 120 pessoas registraram seus neg\u00f3cios em Ipatinga. Em todo o Estado, s\u00e3o 292 mil formaliza\u00e7\u00f5es. Atr\u00e1s apenas de S\u00e3o Paulo e Rio de Janeiro, o Estado de Minas Gerais ocupa a terceira posi\u00e7\u00e3o no pa\u00eds em n\u00famero de microempreendedores registrados.<\/p>\n<p>Na lista de classifica\u00e7\u00e3o das cidades mineiras com o maior n\u00famero de neg\u00f3cios formalizados, Ipatinga figura na d\u00e9cima posi\u00e7\u00e3o. No Leste mineiro, o munic\u00edpio perde apenas para Governador Valadares, com 4.602 formaliza\u00e7\u00f5es de microempreendimentos. Coronel Fabriciano e Tim\u00f3teo ocupam as posi\u00e7\u00f5es seguintes na Regional Rio Doce do Sebrae Minas, com 1.923 e 1.304 registros, respectivamente. No Estado, os dois munic\u00edpios da Regi\u00e3o Metropolitana do Vale do A\u00e7o ocupam a 19\u00aa e 30\u00aa posi\u00e7\u00f5es.<\/p>\n<p>No cen\u00e1rio brasileiro j\u00e1 foram formalizados 2.808.547 empreendedores individuais. Desse total, 54% est\u00e3o concentrados nos Estados de S\u00e3o Paulo, guia Rio de Janeiro, Minas Gerais e Bahia. As atividades com maior concentra\u00e7\u00e3o de microempreendedores, conforme o levantamento, s\u00e3o o com\u00e9rcio varejista de acess\u00f3rios e vestu\u00e1rios, cabeleireiro, bares e restaurantes na cidade de Ipatinga e presta\u00e7\u00e3o de servi\u00e7os de obras e alvenaria.<\/p>\n<p>Inadimpl\u00eancia<\/p>\n<p>Manter os empreendedores individuais adimplentes, contudo, \u00e9 um desafio. Em rela\u00e7\u00e3o \u00e0 inadimpl\u00eancia do segmento no m\u00eas de janeiro 2013, os dados demonstram um \u00edndice m\u00e9dio nacional de 47%, contra 55% do per\u00edodo anterior. O Estado de Minas Gerais apresenta resultados mais positivos em rela\u00e7\u00e3o ao cen\u00e1rio nacional, ocupando a sexta posi\u00e7\u00e3o dentre os estados com maior incid\u00eancia de cumprimento dessa obriga\u00e7\u00e3o, apresentando um \u00edndice de 40% das guias n\u00e3o pagas, inferior ao da m\u00e9dia nacional.<\/p>\n<p>Registro<\/p>\n<p>\u00c9 considerado um microempreendedor individual a pessoa que trabalha por conta pr\u00f3pria e que se legaliza como pequeno empres\u00e1rio. Para ser um microempreendedor individual, \u00e9 necess\u00e1rio faturar no m\u00e1ximo R$ 60 mil por ano e n\u00e3o ter participa\u00e7\u00e3o em outra empresa como s\u00f3cio ou titular. O microempres\u00e1rio individual tamb\u00e9m pode ter um empregado contratado que receba o sal\u00e1rio m\u00ednimo ou o piso da categoria.<\/p>\n<p>A formaliza\u00e7\u00e3o do microneg\u00f3cio pode ser feita de forma gratuita no Portal do Empreendedor, p\u00e1gina do governo federal dispon\u00edvel no endere\u00e7o\u00a0portaldoempreendedor.gov.br. Ap\u00f3s o cadastro, o CNPJ e o n\u00famero de inscri\u00e7\u00e3o na Junta Comercial s\u00e3o obtidos imediatamente. A formaliza\u00e7\u00e3o tamb\u00e9m pode ser feita com a ajuda de empresas de contabilidade que s\u00e3o optantes do Simples Nacional, que realizar\u00e3o o registro e a primeira declara\u00e7\u00e3o anual sem cobran\u00e7as.<\/p>\n<p>Ap\u00f3s a formaliza\u00e7\u00e3o, o empreendedor ter\u00e1, dentre os custos, a taxa mensal para a Previd\u00eancia Social de R$ 33,90 (que representa 5% do sal\u00e1rio m\u00ednimo, reajustado no in\u00edcio de cada ano); para o Estado, R$ 1 (se a atividade for com\u00e9rcio ou ind\u00fastria); e, por fim, R$ 5 para o munic\u00edpio, se a atividade for a presta\u00e7\u00e3o de servi\u00e7os.<\/p>\n<p><em>Fonte: Di\u00e1rio do A\u00e7o<\/em><\/p>\n","protected":false},"excerpt":{"rendered":"<p>Um levantamento feito pelo Sebrae Minas aponta que o munic\u00edpio j\u00e1 possui 3.977 microempreendedores individuais formalizados. O estudo mostra que, somente em janeiro e fevereiro deste ano, mais de 120 pessoas registraram seus neg\u00f3cios em Ipatinga. Em todo o Estado, s\u00e3o 292 mil formaliza\u00e7\u00f5es. Atr\u00e1s apenas de S\u00e3o Paulo e Rio de Janeiro, o Estado [&hellip;]<\/p>\n","protected":false},"author":1,"featured_media":0,"comment_status":"open","ping_status":"open","sticky":false,"template":"","format":"standard","meta":{"footnotes":""},"categories":[6,8],"tags":[15],"class_list":["post-443","post","type-post","status-publish","format-standard","hentry","category-noticias","category-servicos","tag-ipatinga"],"_links":{"self":[{"href":"https:\/\/www.encontraipatinga.com.br\/noticias\/wp-json\/wp\/v2\/posts\/443","targetHints":{"allow":["GET"]}}],"collection":[{"href":"https:\/\/www.encontraipatinga.com.br\/noticias\/wp-json\/wp\/v2\/posts"}],"about":[{"href":"https:\/\/www.encontraipatinga.com.br\/noticias\/wp-json\/wp\/v2\/types\/post"}],"author":[{"embeddable":true,"href":"https:\/\/www.encontraipatinga.com.br\/noticias\/wp-json\/wp\/v2\/users\/1"}],"replies":[{"embeddable":true,"href":"https:\/\/www.encontraipatinga.com.br\/noticias\/wp-json\/wp\/v2\/comments?post=443"}],"version-history":[{"count":5,"href":"https:\/\/www.encontraipatinga.com.br\/noticias\/wp-json\/wp\/v2\/posts\/443\/revisions"}],"predecessor-version":[{"id":694,"href":"https:\/\/www.encontraipatinga.com.br\/noticias\/wp-json\/wp\/v2\/posts\/443\/revisions\/694"}],"wp:attachment":[{"href":"https:\/\/www.encontraipatinga.com.br\/noticias\/wp-json\/wp\/v2\/media?parent=443"}],"wp:term":[{"taxonomy":"category","embeddable":true,"href":"https:\/\/www.encontraipatinga.com.br\/noticias\/wp-json\/wp\/v2\/categories?post=443"},{"taxonomy":"post_tag","embeddable":true,"href":"https:\/\/www.encontraipatinga.com.br\/noticias\/wp-json\/wp\/v2\/tags?post=443"}],"curies":[{"name":"wp","href":"https:\/\/api.w.org\/{rel}","templated":true}]}}