{"id":368,"date":"2013-02-13T00:01:55","date_gmt":"2013-02-13T02:01:55","guid":{"rendered":"http:\/\/www.encontraipatinga.com.br\/noticias\/?p=368"},"modified":"2013-08-19T09:37:06","modified_gmt":"2013-08-19T12:37:06","slug":"cemig-realiza-obras-e-centro-de-ipatinga-fica-sem-luz-nesta-quarta","status":"publish","type":"post","link":"https:\/\/www.encontraipatinga.com.br\/noticias\/cemig-realiza-obras-e-centro-de-ipatinga-fica-sem-luz-nesta-quarta\/","title":{"rendered":"Cemig realiza obras e Centro de Ipatinga fica sem luz nesta quarta"},"content":{"rendered":"<p>A Companhia Energ\u00e9tica do Estado de Minas Gerais (Cemig) informou que nesta quarta-feira (13), o fornecimento de energia no Centro de\u00a0Ipatinga, regi\u00e3o Leste de Minas Gerais, ser\u00e1 interrompido no per\u00edodo de 8h30 \u00e0s 14h.<\/p>\n<p>Segundo a Cemig, a interrup\u00e7\u00e3o ser\u00e1 necess\u00e1ria para a realiza\u00e7\u00e3o de obras de reforma e refor\u00e7o na Rede de Distribui\u00e7\u00e3o Urbana \u2013 RDU, que atende ao Centro.<\/p>\n<p>As ruas que ser\u00e3o afetadas s\u00e3o:<\/p>\n<p>Av. Jo\u00e3o Valentim Pascoal \u2013 Entre n\u00bas 30 e 478<\/p>\n<p>Rua Governador Valadares<\/p>\n<p>Rua Divin\u00f3polis<\/p>\n<p>Rua Caxambu<\/p>\n<p>Rua Varginha<\/p>\n<p>Rua Santa B\u00e1rbara<\/p>\n<p>Rua Pouso Alegre \u2013 Entre n\u00bas 207 e 402<\/p>\n<p>Rua Montes Claros<\/p>\n<p>Rua Belo Horizonte \u2013 Entre n\u00bas 175 e 420<\/p>\n<p>Rua Aimor\u00e9s \u2013 Entre n\u00bas 60 e 239<\/p>\n<p>Rua guia Juiz de Fora \u2013 Entre n\u00bas 136 e 205<\/p>\n<p>Por medida de seguran\u00e7a na cidade de Ipatinga, todos os equipamentos devem ser considerados energizados durante o per\u00edodo mencionado.<\/p>\n<p>Para outras informa\u00e7\u00f5es, entre em contato com Cemig pelo telefone 116.<\/p>\n<p><em>Fonte: G1<\/em><\/p>\n","protected":false},"excerpt":{"rendered":"<p>A Companhia Energ\u00e9tica do Estado de Minas Gerais (Cemig) informou que nesta quarta-feira (13), o fornecimento de energia no Centro de\u00a0Ipatinga, regi\u00e3o Leste de Minas Gerais, ser\u00e1 interrompido no per\u00edodo de 8h30 \u00e0s 14h. Segundo a Cemig, a interrup\u00e7\u00e3o ser\u00e1 necess\u00e1ria para a realiza\u00e7\u00e3o de obras de reforma e refor\u00e7o na Rede de Distribui\u00e7\u00e3o Urbana [&hellip;]<\/p>\n","protected":false},"author":1,"featured_media":0,"comment_status":"open","ping_status":"open","sticky":false,"template":"","format":"standard","meta":{"footnotes":""},"categories":[6,8],"tags":[15],"class_list":["post-368","post","type-post","status-publish","format-standard","hentry","category-noticias","category-servicos","tag-ipatinga"],"_links":{"self":[{"href":"https:\/\/www.encontraipatinga.com.br\/noticias\/wp-json\/wp\/v2\/posts\/368","targetHints":{"allow":["GET"]}}],"collection":[{"href":"https:\/\/www.encontraipatinga.com.br\/noticias\/wp-json\/wp\/v2\/posts"}],"about":[{"href":"https:\/\/www.encontraipatinga.com.br\/noticias\/wp-json\/wp\/v2\/types\/post"}],"author":[{"embeddable":true,"href":"https:\/\/www.encontraipatinga.com.br\/noticias\/wp-json\/wp\/v2\/users\/1"}],"replies":[{"embeddable":true,"href":"https:\/\/www.encontraipatinga.com.br\/noticias\/wp-json\/wp\/v2\/comments?post=368"}],"version-history":[{"count":4,"href":"https:\/\/www.encontraipatinga.com.br\/noticias\/wp-json\/wp\/v2\/posts\/368\/revisions"}],"predecessor-version":[{"id":646,"href":"https:\/\/www.encontraipatinga.com.br\/noticias\/wp-json\/wp\/v2\/posts\/368\/revisions\/646"}],"wp:attachment":[{"href":"https:\/\/www.encontraipatinga.com.br\/noticias\/wp-json\/wp\/v2\/media?parent=368"}],"wp:term":[{"taxonomy":"category","embeddable":true,"href":"https:\/\/www.encontraipatinga.com.br\/noticias\/wp-json\/wp\/v2\/categories?post=368"},{"taxonomy":"post_tag","embeddable":true,"href":"https:\/\/www.encontraipatinga.com.br\/noticias\/wp-json\/wp\/v2\/tags?post=368"}],"curies":[{"name":"wp","href":"https:\/\/api.w.org\/{rel}","templated":true}]}}