{"id":343,"date":"2013-01-21T05:00:02","date_gmt":"2013-01-21T05:00:02","guid":{"rendered":"http:\/\/www.encontraipatinga.com.br\/noticias\/?p=343"},"modified":"2013-08-19T09:37:05","modified_gmt":"2013-08-19T12:37:05","slug":"prefeita-de-ipatinga-decreta-estado-de-emergencia-e-aguarda-forcaa-tarefa-para-combate-a-dengue","status":"publish","type":"post","link":"https:\/\/www.encontraipatinga.com.br\/noticias\/prefeita-de-ipatinga-decreta-estado-de-emergencia-e-aguarda-forcaa-tarefa-para-combate-a-dengue\/","title":{"rendered":"Prefeita de Ipatinga decreta estado de emerg\u00eancia e aguarda for\u00e7a-tarefa para combate \u00e0 dengue"},"content":{"rendered":"<p>Necessitando de ajuda do Governo do Estado de Minas Gerais para obter recursos na luta contra a dengue, a prefeita Cecilia Ferramenta de Ipatinga assinou na tarde de sexta-feira (18\/01) uma medida, decretando estado de emerg\u00eancia no munic\u00edpio, esperando, assim, uma solu\u00e7\u00e3o para o problema, ou ao menos um paliativo para que a dengue n\u00e3o se torne uma calamidade na cidade.<\/p>\n<p>Necess\u00e1rio que os refor\u00e7os financeiros venham n\u00e3o s\u00f3 do Governo Estadual, mas tamb\u00e9m do Governo Federal, pois somente o tratamento da doen\u00e7a n\u00e3o e suficiente, pois a\u00e7\u00f5es contra o combate do mosquito transmissor s\u00e3o muito importantes, sem contar que campanhas educativas para conscientiza\u00e7\u00e3o da popula\u00e7\u00e3o s\u00e3o fundamentais para a erradica\u00e7\u00e3o da epidemia.<\/p>\n<p>A prefeita de Ipatinga ao assinar o decreto de estado de emerg\u00eancia, criou simultaneamente o Comit\u00ea Municipal de enfrentamento \u00e0 dengue e lan\u00e7ou o Plano Emergencial contra a epidemia, que se alastra por todo a acidade. Segundo Cecilia Ferramenta, o agravamento da situa\u00e7\u00e3o se deve, em parte, pela falta de coleta do lixo, que ocorreu devido a interrup\u00e7\u00e3o, exatamente por falta de pagamento da empresa prestadora deste servi\u00e7o essencial \u00e0 popula\u00e7\u00e3o.<\/p>\n<p>O secretario municipal de sa\u00fade, Eduardo Pena, informou que o combate ao mosquito &#8220;aedes aegypti&#8221; transmissor da dengue ter\u00e1 seu combate Ipatinga refor\u00e7ado a partir de hoje por meio da &#8220;For\u00e7a Tarefa&#8221;, por meio de uma parceria do Governo do Estado de Minas Gerais e o Minist\u00e9rio da Sa\u00fade, que enviar\u00e1 22 agentes para a aplica\u00e7\u00e3o de inseticidas e de larvicidas. Iniciando as a\u00e7\u00f5es, ser\u00e3o beneficiados os bairros Bom Jardim e C\u00f3rrego Vermelho, onde o \u00edndice de infesta\u00e7\u00e3o \u00e9 maior.<\/p>\n<p><em>Fonte: Gazeta Minas<\/em><\/p>\n","protected":false},"excerpt":{"rendered":"<p>Necessitando de ajuda do Governo do Estado de Minas Gerais para obter recursos na luta contra a dengue, a prefeita Cecilia Ferramenta de Ipatinga assinou na tarde de sexta-feira (18\/01) uma medida, decretando estado de emerg\u00eancia no munic\u00edpio, esperando, assim, uma solu\u00e7\u00e3o para o problema, ou ao menos um paliativo para que a dengue n\u00e3o [&hellip;]<\/p>\n","protected":false},"author":1,"featured_media":0,"comment_status":"open","ping_status":"open","sticky":false,"template":"","format":"standard","meta":{"footnotes":""},"categories":[6,8],"tags":[15],"class_list":["post-343","post","type-post","status-publish","format-standard","hentry","category-noticias","category-servicos","tag-ipatinga"],"_links":{"self":[{"href":"https:\/\/www.encontraipatinga.com.br\/noticias\/wp-json\/wp\/v2\/posts\/343","targetHints":{"allow":["GET"]}}],"collection":[{"href":"https:\/\/www.encontraipatinga.com.br\/noticias\/wp-json\/wp\/v2\/posts"}],"about":[{"href":"https:\/\/www.encontraipatinga.com.br\/noticias\/wp-json\/wp\/v2\/types\/post"}],"author":[{"embeddable":true,"href":"https:\/\/www.encontraipatinga.com.br\/noticias\/wp-json\/wp\/v2\/users\/1"}],"replies":[{"embeddable":true,"href":"https:\/\/www.encontraipatinga.com.br\/noticias\/wp-json\/wp\/v2\/comments?post=343"}],"version-history":[{"count":4,"href":"https:\/\/www.encontraipatinga.com.br\/noticias\/wp-json\/wp\/v2\/posts\/343\/revisions"}],"predecessor-version":[{"id":625,"href":"https:\/\/www.encontraipatinga.com.br\/noticias\/wp-json\/wp\/v2\/posts\/343\/revisions\/625"}],"wp:attachment":[{"href":"https:\/\/www.encontraipatinga.com.br\/noticias\/wp-json\/wp\/v2\/media?parent=343"}],"wp:term":[{"taxonomy":"category","embeddable":true,"href":"https:\/\/www.encontraipatinga.com.br\/noticias\/wp-json\/wp\/v2\/categories?post=343"},{"taxonomy":"post_tag","embeddable":true,"href":"https:\/\/www.encontraipatinga.com.br\/noticias\/wp-json\/wp\/v2\/tags?post=343"}],"curies":[{"name":"wp","href":"https:\/\/api.w.org\/{rel}","templated":true}]}}